

{"id":133,"date":"2018-01-09T11:30:56","date_gmt":"2018-01-09T13:30:56","guid":{"rendered":"http:\/\/gnugraf.org\/2018\/?p=133"},"modified":"2018-01-15T19:22:33","modified_gmt":"2018-01-15T21:22:33","slug":"data-e-local-definidos","status":"publish","type":"post","link":"http:\/\/gnugraf.org\/2018\/data-e-local-definidos\/","title":{"rendered":"Data e local definidos!"},"content":{"rendered":"<p>Realmente estamos muitos felizes em dar esta not\u00edcia, este ano o<b> GNUGRAF<\/b> ser\u00e1 realizado na <b><a href=\"http:\/\/www.esdi.uerj.br\/\" target=\"_blank\" rel=\"noopener\">ESDI<\/a><\/b><b> (Escola Superior de Desenho Industrial)<\/b> da <b>UERJ<\/b>, simplesmente o ber\u00e7o do Design nacional. Foi a primeira universidade Brasileira de design fundada em <b>25 de dezembro de 1962<\/b>. Caso queira saber um pouco mais sobre esta bel\u00edssima institui\u00e7\u00e3o, clique <b><a href=\"http:\/\/www.esdi.uerj.br\/a-esdi\/historia\" target=\"_blank\" rel=\"noopener\">AQUI<\/a><\/b>.<\/p>\n<p>A data coincide com <b>10\u00ba anivers\u00e1rio<\/b> do evento e poder comemorar isto neste lugar \u00e9 uma sensa\u00e7\u00e3o singular para a equipe.<\/p>\n<p><img data-recalc-dims=\"1\" loading=\"lazy\" decoding=\"async\" data-attachment-id=\"134\" data-permalink=\"http:\/\/gnugraf.org\/2018\/data-e-local-definidos\/esdi_fachada_09052017_082614\/\" data-orig-file=\"https:\/\/i0.wp.com\/gnugraf.org\/2018\/wp-content\/uploads\/2018\/01\/esdi_fachada_09052017_082614.jpg?fit=800%2C500\" data-orig-size=\"800,500\" data-comments-opened=\"1\" data-image-meta=\"{&quot;aperture&quot;:&quot;0&quot;,&quot;credit&quot;:&quot;&quot;,&quot;camera&quot;:&quot;&quot;,&quot;caption&quot;:&quot;&quot;,&quot;created_timestamp&quot;:&quot;0&quot;,&quot;copyright&quot;:&quot;&quot;,&quot;focal_length&quot;:&quot;0&quot;,&quot;iso&quot;:&quot;0&quot;,&quot;shutter_speed&quot;:&quot;0&quot;,&quot;title&quot;:&quot;&quot;,&quot;orientation&quot;:&quot;0&quot;}\" data-image-title=\"esdi_fachada_09052017_082614\" data-image-description=\"\" data-image-caption=\"\" data-large-file=\"https:\/\/i0.wp.com\/gnugraf.org\/2018\/wp-content\/uploads\/2018\/01\/esdi_fachada_09052017_082614.jpg?fit=590%2C369\" class=\"alignnone wp-image-134 size-full\" src=\"https:\/\/i0.wp.com\/gnugraf.org\/2018\/wp-content\/uploads\/2018\/01\/esdi_fachada_09052017_082614.jpg?resize=590%2C369\" alt=\"\" width=\"590\" height=\"369\" srcset=\"https:\/\/i0.wp.com\/gnugraf.org\/2018\/wp-content\/uploads\/2018\/01\/esdi_fachada_09052017_082614.jpg?w=800 800w, https:\/\/i0.wp.com\/gnugraf.org\/2018\/wp-content\/uploads\/2018\/01\/esdi_fachada_09052017_082614.jpg?resize=300%2C188 300w, https:\/\/i0.wp.com\/gnugraf.org\/2018\/wp-content\/uploads\/2018\/01\/esdi_fachada_09052017_082614.jpg?resize=768%2C480 768w\" sizes=\"auto, (max-width: 590px) 100vw, 590px\" \/><\/p>\n<p>Junto nesta empreitada, est\u00e3o os seguintes membros da institui\u00e7\u00e3o:<\/p>\n<p><b>Prof. Ricardo Artur<\/b><br \/>\n<b>Engenheira Denise Filippo<\/b><br \/>\n<b>Prof. <\/b><span class=\"_5yl5\"><b>Fernando Reiszel<\/b><\/span><\/p>\n<p>A pessoa respons\u00e1vel por tudo isto estar acontecendo \u00e9 um membro das antigas do <b>GNUGRAF<\/b>, o <b>prof Alexandre Cantini<\/b>.<\/p>\n<p>Ontem dia <b>08\/01\/2018<\/b>, foi feita uma reuni\u00e3o para acertar os detalhes de infra, estavam presentes al\u00e9m dos supra mencionados, <b>Cleo Mattos<\/b>, vulgo <b>Cleozita<\/b> coordenadora do <b>GNUGRAF<\/b>, <b>Rafaela N\u00f3brega<\/b> membro mais novo do nosso grupo, mas muito bem engajada no movimento e <b>Carlos Eduardo<\/b>, vulgo <b>Cadunico Fodovisk<\/b> tamb\u00e9m coordenador do <b>GNUGRAF<\/b>.<\/p>\n<p><img data-recalc-dims=\"1\" loading=\"lazy\" decoding=\"async\" data-attachment-id=\"135\" data-permalink=\"http:\/\/gnugraf.org\/2018\/data-e-local-definidos\/photo_2018-01-09_10-50-35\/\" data-orig-file=\"https:\/\/i0.wp.com\/gnugraf.org\/2018\/wp-content\/uploads\/2018\/01\/photo_2018-01-09_10-50-35.jpg?fit=1280%2C720\" data-orig-size=\"1280,720\" data-comments-opened=\"1\" data-image-meta=\"{&quot;aperture&quot;:&quot;0&quot;,&quot;credit&quot;:&quot;&quot;,&quot;camera&quot;:&quot;&quot;,&quot;caption&quot;:&quot;&quot;,&quot;created_timestamp&quot;:&quot;0&quot;,&quot;copyright&quot;:&quot;&quot;,&quot;focal_length&quot;:&quot;0&quot;,&quot;iso&quot;:&quot;0&quot;,&quot;shutter_speed&quot;:&quot;0&quot;,&quot;title&quot;:&quot;&quot;,&quot;orientation&quot;:&quot;0&quot;}\" data-image-title=\"photo_2018-01-09_10-50-35\" data-image-description=\"\" data-image-caption=\"\" data-large-file=\"https:\/\/i0.wp.com\/gnugraf.org\/2018\/wp-content\/uploads\/2018\/01\/photo_2018-01-09_10-50-35.jpg?fit=590%2C332\" class=\"alignnone wp-image-135 size-large\" src=\"https:\/\/i0.wp.com\/gnugraf.org\/2018\/wp-content\/uploads\/2018\/01\/photo_2018-01-09_10-50-35.jpg?resize=590%2C332\" alt=\"\" width=\"590\" height=\"332\" srcset=\"https:\/\/i0.wp.com\/gnugraf.org\/2018\/wp-content\/uploads\/2018\/01\/photo_2018-01-09_10-50-35.jpg?resize=1024%2C576 1024w, https:\/\/i0.wp.com\/gnugraf.org\/2018\/wp-content\/uploads\/2018\/01\/photo_2018-01-09_10-50-35.jpg?resize=300%2C169 300w, https:\/\/i0.wp.com\/gnugraf.org\/2018\/wp-content\/uploads\/2018\/01\/photo_2018-01-09_10-50-35.jpg?resize=768%2C432 768w, https:\/\/i0.wp.com\/gnugraf.org\/2018\/wp-content\/uploads\/2018\/01\/photo_2018-01-09_10-50-35.jpg?w=1280 1280w, https:\/\/i0.wp.com\/gnugraf.org\/2018\/wp-content\/uploads\/2018\/01\/photo_2018-01-09_10-50-35.jpg?w=1180 1180w\" sizes=\"auto, (max-width: 590px) 100vw, 590px\" \/><\/p>\n<p>O evento acontecer\u00e1 nos dias <b>14 e 15 de Sete<\/b>mbro dentro do pr\u00f3prio campus da <b>ESD<\/b>I, <b>Rua do Passeio, 80 &#8211; Centro<\/b><b> &#8211; Rio de Janeiro<\/b><\/p>\n<p>Em frente ao <b>Passeio P\u00fablico<\/b> e ao lado da <b>escola de m\u00fasica da UFRJ<\/b>.<\/p>\n<link rel='stylesheet' id='osm-ol3-css-css' href='http:\/\/gnugraf.org\/2018\/wp-content\/plugins\/osm\/js\/OL\/10.9.0\/ol.css?ver=6.9.4' type='text\/css' media='all' \/>\n<link rel='stylesheet' id='osm-ol3-ext-css-css' href='http:\/\/gnugraf.org\/2018\/wp-content\/plugins\/osm\/css\/osm_map_v3.css?ver=6.9.4' type='text\/css' media='all' \/>\n<link rel='stylesheet' id='osm-map-css-css' href='http:\/\/gnugraf.org\/2018\/wp-content\/plugins\/osm\/css\/osm_map.css?ver=6.9.4' type='text\/css' media='all' \/>\n<script type=\"text\/javascript\" src=\"http:\/\/gnugraf.org\/2018\/wp-includes\/js\/dist\/vendor\/wp-polyfill.min.js?ver=3.15.0\" id=\"wp-polyfill-js\"><\/script>\n<script type=\"text\/javascript\" src=\"http:\/\/gnugraf.org\/2018\/wp-content\/plugins\/osm\/js\/OL\/10.9.0\/ol.js?ver=10.9.0\" id=\"osm-ol3-library-js\"><\/script>\n<script type=\"text\/javascript\" src=\"http:\/\/gnugraf.org\/2018\/wp-content\/plugins\/osm\/js\/osm-v3-plugin-lib.js?ver=1.0.0\" id=\"osm-ol3-ext-library-js\"><\/script>\n<script type=\"text\/javascript\" src=\"http:\/\/gnugraf.org\/2018\/wp-content\/plugins\/osm\/js\/osm-metabox-events.js?ver=1.0.0\" id=\"osm-ol3-metabox-events-js\"><\/script>\n<script type=\"text\/javascript\" src=\"http:\/\/gnugraf.org\/2018\/wp-includes\/js\/jquery\/jquery.min.js?ver=3.7.1\" id=\"jquery-core-js\"><\/script>\n<script type=\"text\/javascript\" src=\"http:\/\/gnugraf.org\/2018\/wp-includes\/js\/jquery\/jquery-migrate.min.js?ver=3.4.1\" id=\"jquery-migrate-js\"><\/script>\n<script type=\"text\/javascript\" id=\"osm-map-startup-js-extra\">\n\/* <![CDATA[ *\/\nvar translations = {\"openlayer\":\"open layer\",\"openlayerAtStartup\":\"open layer at startup\",\"generateLink\":\"link to this map with opened layers\",\"shortDescription\":\"short description\",\"generatedShortCode\":\"to get a text control link paste this code in your wordpress editor\",\"closeLayer\":\"close layer\",\"cantGenerateLink\":\"put this string in the existing map short code to control this map\"};\n\/\/# sourceURL=osm-map-startup-js-extra\n\/* ]]> *\/\n<\/script>\n<script type=\"text\/javascript\" src=\"http:\/\/gnugraf.org\/2018\/wp-content\/plugins\/osm\/js\/osm-startup-lib.js?ver=V6.2.5\" id=\"osm-map-startup-js\"><\/script>\n\n        <div id=\"map_ol3js_1\"\n       class=\"osm-map-container undefined\"\n             data-map_name=\"undefined\"\n             data-map=\"map_ol3js_1\"\n             data-autoshow=\"no\"\n             style=\"width:100%;\n                    max-width:100%;\n                    height:450px;\n                    display:block;\n                    overflow:hidden;\n                    border:2px solid grey;\n                    position: relative;\">\n          <div id=\"map_ol3js_1_popup\" class=\"ol-popup\">\n            <a href=\"#\" id=\"map_ol3js_1_popup-closer\" class=\"ol-popup-closer\"><\/a>\n            <div id=\"map_ol3js_1_popup-content\"><\/div>\n          <\/div>\n        <\/div>\n    <script type=\"text\/javascript\">\n\t\t\t  vectorM['map_ol3js_1'] = [];\n\t        \n        var raster = getTileLayer(\"osm\",\"NoKey\");\t\t\t\n\n\t\t\t  var map_ol3js_1 = new ol.Map({\n\t\t\t\tinteractions: ol.interaction.defaults.defaults({mouseWheelZoom:false}),\n\t\t\t\tlayers: [raster],\n\t\t\t\ttarget: \"map_ol3js_1\",\n\t\t\t\tview: new ol.View({\n\t\t\t\t  center: ol.proj.transform([-43.1782,-22.9130], \"EPSG:4326\", \"EPSG:3857\"),\n\t\t\t\t  zoom: 19\n\t\t\t\t})\n\t\t\t  });\n\t\t\t  addControls2Map(map_ol3js_1,1,0,3,1,5,6,7,1,1);\nosm_addPopupClickhandler(map_ol3js_1,  \"map_ol3js_1\"); \nosm_addMouseHover(map_ol3js_1); <\/script>\n<p>A vinda do evento na institui\u00e7\u00e3o n\u00e3o acontece por acaso, pois ela esta passando pelo processo de migra\u00e7\u00e3o para <b>Software Livre<\/b> e durante o ano ir\u00e1 acontecer <b>interven\u00e7\u00f5es da comunidade<\/b> em v\u00e1rio sentidos.<\/p>\n<p>A primeira delas ser\u00e1 na <b>quarta dia 17\/01\/2018 <\/b>a partir das <b>14h<\/b>, onde <b>Alexandre Cantini<\/b> e <b>Cadunico Fodovisk<\/b> ir\u00e3o ministrar uma oficina de instala\u00e7\u00e3o de GNU\/Linux Ubuntu nos labs de inform\u00e1tica da <b>ESDI.<\/b><\/p>\n<figure id=\"attachment_136\" aria-describedby=\"caption-attachment-136\" style=\"width: 960px\" class=\"wp-caption alignnone\"><img data-recalc-dims=\"1\" loading=\"lazy\" decoding=\"async\" data-attachment-id=\"136\" data-permalink=\"http:\/\/gnugraf.org\/2018\/data-e-local-definidos\/26230864_771368623055320_6380483364769972012_n\/\" data-orig-file=\"https:\/\/i0.wp.com\/gnugraf.org\/2018\/wp-content\/uploads\/2018\/01\/26230864_771368623055320_6380483364769972012_n.jpg?fit=960%2C960\" data-orig-size=\"960,960\" data-comments-opened=\"1\" data-image-meta=\"{&quot;aperture&quot;:&quot;0&quot;,&quot;credit&quot;:&quot;&quot;,&quot;camera&quot;:&quot;&quot;,&quot;caption&quot;:&quot;&quot;,&quot;created_timestamp&quot;:&quot;0&quot;,&quot;copyright&quot;:&quot;&quot;,&quot;focal_length&quot;:&quot;0&quot;,&quot;iso&quot;:&quot;0&quot;,&quot;shutter_speed&quot;:&quot;0&quot;,&quot;title&quot;:&quot;&quot;,&quot;orientation&quot;:&quot;0&quot;}\" data-image-title=\"26230864_771368623055320_6380483364769972012_n\" data-image-description=\"\" data-image-caption=\"&lt;p&gt;arte: Ricardo Artur Pereira Carvalho&lt;br \/&gt;\nprograma utilizado: Inkscape&lt;\/p&gt;\n\" data-large-file=\"https:\/\/i0.wp.com\/gnugraf.org\/2018\/wp-content\/uploads\/2018\/01\/26230864_771368623055320_6380483364769972012_n.jpg?fit=590%2C590\" class=\"wp-image-136 size-full\" src=\"https:\/\/i0.wp.com\/gnugraf.org\/2018\/wp-content\/uploads\/2018\/01\/26230864_771368623055320_6380483364769972012_n.jpg?resize=590%2C590\" alt=\"\" width=\"590\" height=\"590\" srcset=\"https:\/\/i0.wp.com\/gnugraf.org\/2018\/wp-content\/uploads\/2018\/01\/26230864_771368623055320_6380483364769972012_n.jpg?w=960 960w, https:\/\/i0.wp.com\/gnugraf.org\/2018\/wp-content\/uploads\/2018\/01\/26230864_771368623055320_6380483364769972012_n.jpg?resize=150%2C150 150w, https:\/\/i0.wp.com\/gnugraf.org\/2018\/wp-content\/uploads\/2018\/01\/26230864_771368623055320_6380483364769972012_n.jpg?resize=300%2C300 300w, https:\/\/i0.wp.com\/gnugraf.org\/2018\/wp-content\/uploads\/2018\/01\/26230864_771368623055320_6380483364769972012_n.jpg?resize=768%2C768 768w, https:\/\/i0.wp.com\/gnugraf.org\/2018\/wp-content\/uploads\/2018\/01\/26230864_771368623055320_6380483364769972012_n.jpg?resize=180%2C180 180w, https:\/\/i0.wp.com\/gnugraf.org\/2018\/wp-content\/uploads\/2018\/01\/26230864_771368623055320_6380483364769972012_n.jpg?resize=600%2C600 600w\" sizes=\"auto, (max-width: 590px) 100vw, 590px\" \/><figcaption id=\"caption-attachment-136\" class=\"wp-caption-text\">Arte: <b>Ricardo Artur Pereira Carvalho<\/b> Programa utilizado: <b>Inkscape<\/b><\/figcaption><\/figure>\n<p>Ent\u00e3o por enquanto \u00e9 isto pessoal! GNU!<\/p>\n","protected":false},"excerpt":{"rendered":"<p>Realmente estamos muitos felizes em dar esta not\u00edcia, este ano o GNUGRAF ser\u00e1 realizado na ESDI (Escola Superior de Desenho Industrial) da UERJ, simplesmente o ber\u00e7o do Design nacional. Foi a primeira universidade Brasileira de design fundada em 25 de dezembro de 1962. Caso queira saber um pouco mais sobre esta bel\u00edssima institui\u00e7\u00e3o, clique AQUI. [&hellip;]<\/p>\n","protected":false},"author":1,"featured_media":140,"comment_status":"open","ping_status":"open","sticky":false,"template":"","format":"standard","meta":{"inline_featured_image":false,"jetpack_post_was_ever_published":false,"_jetpack_newsletter_access":"","_jetpack_dont_email_post_to_subs":false,"_jetpack_newsletter_tier_id":0,"_jetpack_memberships_contains_paywalled_content":false,"_jetpack_memberships_contains_paid_content":false,"footnotes":"","jetpack_publicize_message":"","jetpack_publicize_feature_enabled":true,"jetpack_social_post_already_shared":true,"jetpack_social_options":{"image_generator_settings":{"template":"highway","default_image_id":0,"font":"","enabled":false},"version":2}},"categories":[16],"tags":[],"class_list":["post-133","post","type-post","status-publish","format-standard","has-post-thumbnail","hentry","category-noticias"],"jetpack_publicize_connections":[],"jetpack_featured_media_url":"https:\/\/i0.wp.com\/gnugraf.org\/2018\/wp-content\/uploads\/2018\/01\/4b4fa240-34a3-4f74-879b-303447116c4c.jpeg?fit=780%2C490","jetpack_sharing_enabled":true,"jetpack_shortlink":"https:\/\/wp.me\/p9s9KV-29","jetpack_likes_enabled":true,"jetpack-related-posts":[],"_links":{"self":[{"href":"http:\/\/gnugraf.org\/2018\/wp-json\/wp\/v2\/posts\/133","targetHints":{"allow":["GET"]}}],"collection":[{"href":"http:\/\/gnugraf.org\/2018\/wp-json\/wp\/v2\/posts"}],"about":[{"href":"http:\/\/gnugraf.org\/2018\/wp-json\/wp\/v2\/types\/post"}],"author":[{"embeddable":true,"href":"http:\/\/gnugraf.org\/2018\/wp-json\/wp\/v2\/users\/1"}],"replies":[{"embeddable":true,"href":"http:\/\/gnugraf.org\/2018\/wp-json\/wp\/v2\/comments?post=133"}],"version-history":[{"count":5,"href":"http:\/\/gnugraf.org\/2018\/wp-json\/wp\/v2\/posts\/133\/revisions"}],"predecessor-version":[{"id":143,"href":"http:\/\/gnugraf.org\/2018\/wp-json\/wp\/v2\/posts\/133\/revisions\/143"}],"wp:featuredmedia":[{"embeddable":true,"href":"http:\/\/gnugraf.org\/2018\/wp-json\/wp\/v2\/media\/140"}],"wp:attachment":[{"href":"http:\/\/gnugraf.org\/2018\/wp-json\/wp\/v2\/media?parent=133"}],"wp:term":[{"taxonomy":"category","embeddable":true,"href":"http:\/\/gnugraf.org\/2018\/wp-json\/wp\/v2\/categories?post=133"},{"taxonomy":"post_tag","embeddable":true,"href":"http:\/\/gnugraf.org\/2018\/wp-json\/wp\/v2\/tags?post=133"}],"curies":[{"name":"wp","href":"https:\/\/api.w.org\/{rel}","templated":true}]}}