

{"id":351,"date":"2018-09-12T20:37:44","date_gmt":"2018-09-12T23:37:44","guid":{"rendered":"http:\/\/gnugraf.org\/2018\/?p=351"},"modified":"2018-09-12T20:39:40","modified_gmt":"2018-09-12T23:39:40","slug":"mudancas-na-grade-do-evento","status":"publish","type":"post","link":"http:\/\/gnugraf.org\/2018\/mudancas-na-grade-do-evento\/","title":{"rendered":"Mudan\u00e7as na grade do evento!"},"content":{"rendered":"<p>Por motivos pessoais de \u00faltima hora o palestrante<\/p>\n<p><img data-recalc-dims=\"1\" loading=\"lazy\" decoding=\"async\" data-attachment-id=\"352\" data-permalink=\"http:\/\/gnugraf.org\/2018\/mudancas-na-grade-do-evento\/cartola\/\" data-orig-file=\"https:\/\/i0.wp.com\/gnugraf.org\/2018\/wp-content\/uploads\/2018\/09\/cartola.png?fit=217%2C217\" data-orig-size=\"217,217\" data-comments-opened=\"1\" data-image-meta=\"{&quot;aperture&quot;:&quot;0&quot;,&quot;credit&quot;:&quot;&quot;,&quot;camera&quot;:&quot;&quot;,&quot;caption&quot;:&quot;&quot;,&quot;created_timestamp&quot;:&quot;0&quot;,&quot;copyright&quot;:&quot;&quot;,&quot;focal_length&quot;:&quot;0&quot;,&quot;iso&quot;:&quot;0&quot;,&quot;shutter_speed&quot;:&quot;0&quot;,&quot;title&quot;:&quot;&quot;,&quot;orientation&quot;:&quot;0&quot;}\" data-image-title=\"cartola\" data-image-description=\"\" data-image-caption=\"\" data-large-file=\"https:\/\/i0.wp.com\/gnugraf.org\/2018\/wp-content\/uploads\/2018\/09\/cartola.png?fit=217%2C217\" class=\"alignnone wp-image-352\" src=\"https:\/\/i0.wp.com\/gnugraf.org\/2018\/wp-content\/uploads\/2018\/09\/cartola.png?resize=130%2C130\" alt=\"\" width=\"130\" height=\"130\" srcset=\"https:\/\/i0.wp.com\/gnugraf.org\/2018\/wp-content\/uploads\/2018\/09\/cartola.png?w=217 217w, https:\/\/i0.wp.com\/gnugraf.org\/2018\/wp-content\/uploads\/2018\/09\/cartola.png?resize=150%2C150 150w, https:\/\/i0.wp.com\/gnugraf.org\/2018\/wp-content\/uploads\/2018\/09\/cartola.png?resize=100%2C100 100w\" sizes=\"auto, (max-width: 130px) 100vw, 130px\" \/> <strong>Cartola<\/strong> que ministraria a palestra <strong>Fotografia 360\u00ba<\/strong> <strong>a\u00e9rea<\/strong> n\u00e3o poder\u00e1 comparecer ao evento. Ent\u00e3o n\u00f3s a substituirmos pela palestra <strong>ESDI e Software Livre: transi\u00e7\u00e3o institucional<\/strong> <strong>e pessoal<\/strong> que ser\u00e1 ministrada pelo<\/p>\n<p><img data-recalc-dims=\"1\" loading=\"lazy\" decoding=\"async\" data-attachment-id=\"353\" data-permalink=\"http:\/\/gnugraf.org\/2018\/mudancas-na-grade-do-evento\/ricardo\/\" data-orig-file=\"https:\/\/i0.wp.com\/gnugraf.org\/2018\/wp-content\/uploads\/2018\/09\/ricardo.png?fit=1448%2C1448\" data-orig-size=\"1448,1448\" data-comments-opened=\"1\" data-image-meta=\"{&quot;aperture&quot;:&quot;0&quot;,&quot;credit&quot;:&quot;&quot;,&quot;camera&quot;:&quot;&quot;,&quot;caption&quot;:&quot;&quot;,&quot;created_timestamp&quot;:&quot;0&quot;,&quot;copyright&quot;:&quot;&quot;,&quot;focal_length&quot;:&quot;0&quot;,&quot;iso&quot;:&quot;0&quot;,&quot;shutter_speed&quot;:&quot;0&quot;,&quot;title&quot;:&quot;&quot;,&quot;orientation&quot;:&quot;0&quot;}\" data-image-title=\"ricardo\" data-image-description=\"\" data-image-caption=\"\" data-large-file=\"https:\/\/i0.wp.com\/gnugraf.org\/2018\/wp-content\/uploads\/2018\/09\/ricardo.png?fit=590%2C590\" class=\"alignnone wp-image-353\" src=\"https:\/\/i0.wp.com\/gnugraf.org\/2018\/wp-content\/uploads\/2018\/09\/ricardo.png?resize=130%2C130\" alt=\"\" width=\"130\" height=\"130\" srcset=\"https:\/\/i0.wp.com\/gnugraf.org\/2018\/wp-content\/uploads\/2018\/09\/ricardo.png?resize=150%2C150 150w, https:\/\/i0.wp.com\/gnugraf.org\/2018\/wp-content\/uploads\/2018\/09\/ricardo.png?resize=300%2C300 300w, https:\/\/i0.wp.com\/gnugraf.org\/2018\/wp-content\/uploads\/2018\/09\/ricardo.png?resize=768%2C768 768w, https:\/\/i0.wp.com\/gnugraf.org\/2018\/wp-content\/uploads\/2018\/09\/ricardo.png?resize=1024%2C1024 1024w, https:\/\/i0.wp.com\/gnugraf.org\/2018\/wp-content\/uploads\/2018\/09\/ricardo.png?resize=600%2C600 600w, https:\/\/i0.wp.com\/gnugraf.org\/2018\/wp-content\/uploads\/2018\/09\/ricardo.png?resize=100%2C100 100w, https:\/\/i0.wp.com\/gnugraf.org\/2018\/wp-content\/uploads\/2018\/09\/ricardo.png?w=1448 1448w, https:\/\/i0.wp.com\/gnugraf.org\/2018\/wp-content\/uploads\/2018\/09\/ricardo.png?w=1180 1180w\" sizes=\"auto, (max-width: 130px) 100vw, 130px\" \/><strong>Ricardo Artur<\/strong> professor a ESDI que ir\u00e1 fazer um super bate papo de como foi o processo de migra\u00e7\u00e3o da institui\u00e7\u00e3o para Software livre.\u00a0 Ela acontecer\u00e1 no <strong>dia 15\/09 \u00e0s 11h<\/strong>.<\/p>\n<p>Outra mudan\u00e7a foi a transfer\u00eancia de hor\u00e1rio da palestra do<\/p>\n<p><img data-recalc-dims=\"1\" loading=\"lazy\" decoding=\"async\" data-attachment-id=\"354\" data-permalink=\"http:\/\/gnugraf.org\/2018\/mudancas-na-grade-do-evento\/cadunico\/\" data-orig-file=\"https:\/\/i0.wp.com\/gnugraf.org\/2018\/wp-content\/uploads\/2018\/09\/cadunico.png?fit=724%2C724\" data-orig-size=\"724,724\" data-comments-opened=\"1\" data-image-meta=\"{&quot;aperture&quot;:&quot;0&quot;,&quot;credit&quot;:&quot;&quot;,&quot;camera&quot;:&quot;&quot;,&quot;caption&quot;:&quot;&quot;,&quot;created_timestamp&quot;:&quot;0&quot;,&quot;copyright&quot;:&quot;&quot;,&quot;focal_length&quot;:&quot;0&quot;,&quot;iso&quot;:&quot;0&quot;,&quot;shutter_speed&quot;:&quot;0&quot;,&quot;title&quot;:&quot;&quot;,&quot;orientation&quot;:&quot;0&quot;}\" data-image-title=\"cadunico\" data-image-description=\"\" data-image-caption=\"\" data-large-file=\"https:\/\/i0.wp.com\/gnugraf.org\/2018\/wp-content\/uploads\/2018\/09\/cadunico.png?fit=590%2C590\" class=\"alignnone wp-image-354\" src=\"https:\/\/i0.wp.com\/gnugraf.org\/2018\/wp-content\/uploads\/2018\/09\/cadunico.png?resize=130%2C130\" alt=\"\" width=\"130\" height=\"130\" srcset=\"https:\/\/i0.wp.com\/gnugraf.org\/2018\/wp-content\/uploads\/2018\/09\/cadunico.png?resize=300%2C300 300w, https:\/\/i0.wp.com\/gnugraf.org\/2018\/wp-content\/uploads\/2018\/09\/cadunico.png?resize=150%2C150 150w, https:\/\/i0.wp.com\/gnugraf.org\/2018\/wp-content\/uploads\/2018\/09\/cadunico.png?resize=600%2C600 600w, https:\/\/i0.wp.com\/gnugraf.org\/2018\/wp-content\/uploads\/2018\/09\/cadunico.png?resize=100%2C100 100w, https:\/\/i0.wp.com\/gnugraf.org\/2018\/wp-content\/uploads\/2018\/09\/cadunico.png?w=724 724w\" sizes=\"auto, (max-width: 130px) 100vw, 130px\" \/> <strong>Cadunico, V\u00eddeografismo com\u00a0 Software Livre<\/strong> que ser\u00e1 ministrada as <strong>14h<\/strong>.<\/p>\n<p>Agradecemos imensamente a compreens\u00e3o de todos.<\/p>\n<p>Segue abaixo a grade atualizada:<\/p>\n<p><iframe style=\"width: 100%; height: 3200px; border: none;\" src=\"http:\/\/gnugraf.org\/2018\/grade.php\"><\/iframe>Fa\u00e7a sua inscri\u00e7\u00e3o no formul\u00e1rio abaixo. Lembrando que s\u00f3 receber\u00e3o certificados as pessoas que se inscreverem e colocarem um email pessoal v\u00e1lido!<\/p>\n<p><script src=\"https:\/\/doity.com.br\/js\/box_inscricao.js\" type=\"text\/javascript\"><\/script><br \/>\n<iframe id=\"iframe-inscricao\" style=\"width: 100%; height: 650px; border: none;\" src=\"https:\/\/doity.com.br\/gnugraf-2018\/passo1?box=1\" scrolling=\"0\"><span style=\"display: inline-block; width: 0px; overflow: hidden; line-height: 0;\" data-mce-type=\"bookmark\" class=\"mce_SELRES_start\">\ufeff<\/span><span style=\"display: inline-block; width: 0px; overflow: hidden; line-height: 0;\" data-mce-type=\"bookmark\" class=\"mce_SELRES_start\">\ufeff<\/span><span style=\"display: inline-block; width: 0px; overflow: hidden; line-height: 0;\" data-mce-type=\"bookmark\" class=\"mce_SELRES_start\">\ufeff<\/span><br \/>\n<\/iframe><\/p>\n<p style=\"text-align: center; color: #666672; font-size: 14px; font-family: 'Open Sans',Helvetica, Arial, sans-serif; font-weight: bolder;\">Caso n\u00e3o consiga fazer a inscri\u00e7\u00e3o<br \/>\n<a href=\"https:\/\/doity.com.br\/gnugraf-2018\" target=\"_blank\" rel=\"noopener\">clique aqui<br \/>\n<\/a><\/p>\n<p>O evento acontecer\u00e1 nos dias <b>14 e 15 de <\/b><strong>Setembro<\/strong> dentro do pr\u00f3prio campus da <b>ESD<\/b>I, <b>Rua do Passeio, 80 \u2013 Centro<\/b><b> \u2013 Rio de Janeiro<\/b><\/p>\n<p>Em frente ao <b>Passeio P\u00fablico<\/b> e ao lado da <b>escola de m\u00fasica da UFRJ<\/b>.<\/p>\n<link rel='stylesheet' id='osm-ol3-css-css' href='http:\/\/gnugraf.org\/2018\/wp-content\/plugins\/osm\/js\/OL\/10.9.0\/ol.css?ver=6.9.4' type='text\/css' media='all' \/>\n<link rel='stylesheet' id='osm-ol3-ext-css-css' href='http:\/\/gnugraf.org\/2018\/wp-content\/plugins\/osm\/css\/osm_map_v3.css?ver=6.9.4' type='text\/css' media='all' \/>\n<link rel='stylesheet' id='osm-map-css-css' href='http:\/\/gnugraf.org\/2018\/wp-content\/plugins\/osm\/css\/osm_map.css?ver=6.9.4' type='text\/css' media='all' \/>\n<script type=\"text\/javascript\" src=\"http:\/\/gnugraf.org\/2018\/wp-includes\/js\/dist\/vendor\/wp-polyfill.min.js?ver=3.15.0\" id=\"wp-polyfill-js\"><\/script>\n<script type=\"text\/javascript\" src=\"http:\/\/gnugraf.org\/2018\/wp-content\/plugins\/osm\/js\/OL\/10.9.0\/ol.js?ver=10.9.0\" id=\"osm-ol3-library-js\"><\/script>\n<script type=\"text\/javascript\" src=\"http:\/\/gnugraf.org\/2018\/wp-content\/plugins\/osm\/js\/osm-v3-plugin-lib.js?ver=1.0.0\" id=\"osm-ol3-ext-library-js\"><\/script>\n<script type=\"text\/javascript\" src=\"http:\/\/gnugraf.org\/2018\/wp-content\/plugins\/osm\/js\/osm-metabox-events.js?ver=1.0.0\" id=\"osm-ol3-metabox-events-js\"><\/script>\n<script type=\"text\/javascript\" src=\"http:\/\/gnugraf.org\/2018\/wp-includes\/js\/jquery\/jquery.min.js?ver=3.7.1\" id=\"jquery-core-js\"><\/script>\n<script type=\"text\/javascript\" src=\"http:\/\/gnugraf.org\/2018\/wp-includes\/js\/jquery\/jquery-migrate.min.js?ver=3.4.1\" id=\"jquery-migrate-js\"><\/script>\n<script type=\"text\/javascript\" id=\"osm-map-startup-js-extra\">\n\/* <![CDATA[ *\/\nvar translations = {\"openlayer\":\"open layer\",\"openlayerAtStartup\":\"open layer at startup\",\"generateLink\":\"link to this map with opened layers\",\"shortDescription\":\"short description\",\"generatedShortCode\":\"to get a text control link paste this code in your wordpress editor\",\"closeLayer\":\"close layer\",\"cantGenerateLink\":\"put this string in the existing map short code to control this map\"};\n\/\/# sourceURL=osm-map-startup-js-extra\n\/* ]]> *\/\n<\/script>\n<script type=\"text\/javascript\" src=\"http:\/\/gnugraf.org\/2018\/wp-content\/plugins\/osm\/js\/osm-startup-lib.js?ver=V6.2.5\" id=\"osm-map-startup-js\"><\/script>\n\n        <div id=\"map_ol3js_1\"\n       class=\"osm-map-container undefined\"\n             data-map_name=\"undefined\"\n             data-map=\"map_ol3js_1\"\n             data-autoshow=\"no\"\n             style=\"width:100%;\n                    max-width:100%;\n                    height:450px;\n                    display:block;\n                    overflow:hidden;\n                    border:2px solid grey;\n                    position: relative;\">\n          <div id=\"map_ol3js_1_popup\" class=\"ol-popup\">\n            <a href=\"#\" id=\"map_ol3js_1_popup-closer\" class=\"ol-popup-closer\"><\/a>\n            <div id=\"map_ol3js_1_popup-content\"><\/div>\n          <\/div>\n        <\/div>\n    <script type=\"text\/javascript\">\n\t\t\t  vectorM['map_ol3js_1'] = [];\n\t        \n        var raster = getTileLayer(\"osm\",\"NoKey\");\t\t\t\n\n\t\t\t  var map_ol3js_1 = new ol.Map({\n\t\t\t\tinteractions: ol.interaction.defaults.defaults({mouseWheelZoom:false}),\n\t\t\t\tlayers: [raster],\n\t\t\t\ttarget: \"map_ol3js_1\",\n\t\t\t\tview: new ol.View({\n\t\t\t\t  center: ol.proj.transform([-43.1782,-22.9130], \"EPSG:4326\", \"EPSG:3857\"),\n\t\t\t\t  zoom: 19\n\t\t\t\t})\n\t\t\t  });\n\t\t\t  addControls2Map(map_ol3js_1,1,0,3,1,5,6,7,1,1);\nosm_addPopupClickhandler(map_ol3js_1,  \"map_ol3js_1\"); \nosm_addMouseHover(map_ol3js_1); <\/script>\n","protected":false},"excerpt":{"rendered":"<p>Por motivos pessoais de \u00faltima hora o palestrante Cartola que ministraria a palestra Fotografia 360\u00ba a\u00e9rea n\u00e3o poder\u00e1 comparecer ao evento. Ent\u00e3o n\u00f3s a substituirmos pela palestra ESDI e Software Livre: transi\u00e7\u00e3o institucional e pessoal que ser\u00e1 ministrada pelo Ricardo Artur professor a ESDI que ir\u00e1 fazer um super bate papo de como foi o [&hellip;]<\/p>\n","protected":false},"author":1,"featured_media":201,"comment_status":"open","ping_status":"open","sticky":false,"template":"","format":"standard","meta":{"inline_featured_image":false,"jetpack_post_was_ever_published":false,"_jetpack_newsletter_access":"","_jetpack_dont_email_post_to_subs":false,"_jetpack_newsletter_tier_id":0,"_jetpack_memberships_contains_paywalled_content":false,"_jetpack_memberships_contains_paid_content":false,"footnotes":"","jetpack_publicize_message":"","jetpack_publicize_feature_enabled":true,"jetpack_social_post_already_shared":true,"jetpack_social_options":{"image_generator_settings":{"template":"highway","default_image_id":0,"font":"","enabled":false},"version":2}},"categories":[16],"tags":[],"class_list":["post-351","post","type-post","status-publish","format-standard","has-post-thumbnail","hentry","category-noticias"],"jetpack_publicize_connections":[],"jetpack_featured_media_url":"https:\/\/i0.wp.com\/gnugraf.org\/2018\/wp-content\/uploads\/2018\/07\/programacao-1.jpg?fit=1936%2C1200","jetpack_sharing_enabled":true,"jetpack_shortlink":"https:\/\/wp.me\/p9s9KV-5F","jetpack_likes_enabled":true,"jetpack-related-posts":[],"_links":{"self":[{"href":"http:\/\/gnugraf.org\/2018\/wp-json\/wp\/v2\/posts\/351","targetHints":{"allow":["GET"]}}],"collection":[{"href":"http:\/\/gnugraf.org\/2018\/wp-json\/wp\/v2\/posts"}],"about":[{"href":"http:\/\/gnugraf.org\/2018\/wp-json\/wp\/v2\/types\/post"}],"author":[{"embeddable":true,"href":"http:\/\/gnugraf.org\/2018\/wp-json\/wp\/v2\/users\/1"}],"replies":[{"embeddable":true,"href":"http:\/\/gnugraf.org\/2018\/wp-json\/wp\/v2\/comments?post=351"}],"version-history":[{"count":3,"href":"http:\/\/gnugraf.org\/2018\/wp-json\/wp\/v2\/posts\/351\/revisions"}],"predecessor-version":[{"id":357,"href":"http:\/\/gnugraf.org\/2018\/wp-json\/wp\/v2\/posts\/351\/revisions\/357"}],"wp:featuredmedia":[{"embeddable":true,"href":"http:\/\/gnugraf.org\/2018\/wp-json\/wp\/v2\/media\/201"}],"wp:attachment":[{"href":"http:\/\/gnugraf.org\/2018\/wp-json\/wp\/v2\/media?parent=351"}],"wp:term":[{"taxonomy":"category","embeddable":true,"href":"http:\/\/gnugraf.org\/2018\/wp-json\/wp\/v2\/categories?post=351"},{"taxonomy":"post_tag","embeddable":true,"href":"http:\/\/gnugraf.org\/2018\/wp-json\/wp\/v2\/tags?post=351"}],"curies":[{"name":"wp","href":"https:\/\/api.w.org\/{rel}","templated":true}]}}