{"id":360,"date":"2018-09-17T15:52:43","date_gmt":"2018-09-17T18:52:43","guid":{"rendered":"http:\/\/gnugraf.org\/2018\/?p=360"},"modified":"2018-09-17T15:52:43","modified_gmt":"2018-09-17T18:52:43","slug":"10-anos-comemorado-com-sucesso","status":"publish","type":"post","link":"http:\/\/gnugraf.org\/2018\/10-anos-comemorado-com-sucesso\/","title":{"rendered":"10 Anos comemorado com sucesso!"},"content":{"rendered":"<figure id=\"attachment_359\" aria-describedby=\"caption-attachment-359\" style=\"width: 960px\" class=\"wp-caption aligncenter\"><img data-recalc-dims=\"1\" loading=\"lazy\" decoding=\"async\" data-attachment-id=\"359\" data-permalink=\"http:\/\/gnugraf.org\/2018\/10-anos-comemorado-com-sucesso\/41692602_10212167727218971_6451411100477947904_n\/\" data-orig-file=\"https:\/\/i0.wp.com\/gnugraf.org\/2018\/wp-content\/uploads\/2018\/09\/41692602_10212167727218971_6451411100477947904_n.jpg?fit=960%2C720\" data-orig-size=\"960,720\" data-comments-opened=\"1\" data-image-meta=\"{&quot;aperture&quot;:&quot;0&quot;,&quot;credit&quot;:&quot;&quot;,&quot;camera&quot;:&quot;&quot;,&quot;caption&quot;:&quot;&quot;,&quot;created_timestamp&quot;:&quot;0&quot;,&quot;copyright&quot;:&quot;&quot;,&quot;focal_length&quot;:&quot;0&quot;,&quot;iso&quot;:&quot;0&quot;,&quot;shutter_speed&quot;:&quot;0&quot;,&quot;title&quot;:&quot;&quot;,&quot;orientation&quot;:&quot;0&quot;}\" data-image-title=\"41692602_10212167727218971_6451411100477947904_n\" data-image-description=\"\" data-image-caption=\"\" data-large-file=\"https:\/\/i0.wp.com\/gnugraf.org\/2018\/wp-content\/uploads\/2018\/09\/41692602_10212167727218971_6451411100477947904_n.jpg?fit=590%2C443\" class=\"wp-image-359 size-full\" src=\"https:\/\/i0.wp.com\/gnugraf.org\/2018\/wp-content\/uploads\/2018\/09\/41692602_10212167727218971_6451411100477947904_n.jpg?resize=590%2C443\" alt=\"\" width=\"590\" height=\"443\" srcset=\"https:\/\/i0.wp.com\/gnugraf.org\/2018\/wp-content\/uploads\/2018\/09\/41692602_10212167727218971_6451411100477947904_n.jpg?w=960 960w, https:\/\/i0.wp.com\/gnugraf.org\/2018\/wp-content\/uploads\/2018\/09\/41692602_10212167727218971_6451411100477947904_n.jpg?resize=300%2C225 300w, https:\/\/i0.wp.com\/gnugraf.org\/2018\/wp-content\/uploads\/2018\/09\/41692602_10212167727218971_6451411100477947904_n.jpg?resize=768%2C576 768w, https:\/\/i0.wp.com\/gnugraf.org\/2018\/wp-content\/uploads\/2018\/09\/41692602_10212167727218971_6451411100477947904_n.jpg?resize=600%2C450 600w\" sizes=\"auto, (max-width: 590px) 100vw, 590px\" \/><figcaption id=\"caption-attachment-359\" class=\"wp-caption-text\">\u00c1rea aonde ficou o Tux bem na entrada do Boulevard.<\/figcaption><\/figure>\n<p>&nbsp;<\/p>\n<p>Mais uma vez gostar\u00edamos de agradecer a<\/p>\n<p><strong>Prof. Ricardo Artur<\/strong><br \/>\n<strong>Engenheira Denise Filippo<\/strong><br \/>\n<strong>Prof. <span class=\"_5yl5\">Fernando Reiszel<\/span><\/strong><\/p>\n<p>pelo extremo carinho para com o evento, sem a a\u00e7\u00e3o incans\u00e1vel deles, nada disto teria sido realizado da maneira que foi com total excel\u00eancia!<\/p>\n<p>A ponto de conhecermos e adotar um apelido interno da <strong>ESDI<\/strong> com rela\u00e7\u00e3o ao professor Reiszel, <strong>S\u00e3o Reiszel<\/strong>!<\/p>\n<figure id=\"attachment_363\" aria-describedby=\"caption-attachment-363\" style=\"width: 225px\" class=\"wp-caption aligncenter\"><img data-recalc-dims=\"1\" loading=\"lazy\" decoding=\"async\" data-attachment-id=\"363\" data-permalink=\"http:\/\/gnugraf.org\/2018\/10-anos-comemorado-com-sucesso\/whatsapp-image-2018-09-17-at-2-02-44-pm\/\" data-orig-file=\"https:\/\/i0.wp.com\/gnugraf.org\/2018\/wp-content\/uploads\/2018\/09\/WhatsApp-Image-2018-09-17-at-2.02.44-PM.jpeg?fit=960%2C1280\" data-orig-size=\"960,1280\" data-comments-opened=\"1\" data-image-meta=\"{&quot;aperture&quot;:&quot;0&quot;,&quot;credit&quot;:&quot;&quot;,&quot;camera&quot;:&quot;&quot;,&quot;caption&quot;:&quot;&quot;,&quot;created_timestamp&quot;:&quot;0&quot;,&quot;copyright&quot;:&quot;&quot;,&quot;focal_length&quot;:&quot;0&quot;,&quot;iso&quot;:&quot;0&quot;,&quot;shutter_speed&quot;:&quot;0&quot;,&quot;title&quot;:&quot;&quot;,&quot;orientation&quot;:&quot;0&quot;}\" data-image-title=\"WhatsApp Image 2018-09-17 at 2.02.44 PM\" data-image-description=\"\" data-image-caption=\"\" data-large-file=\"https:\/\/i0.wp.com\/gnugraf.org\/2018\/wp-content\/uploads\/2018\/09\/WhatsApp-Image-2018-09-17-at-2.02.44-PM.jpeg?fit=590%2C787\" class=\"wp-image-363 size-medium\" src=\"https:\/\/i0.wp.com\/gnugraf.org\/2018\/wp-content\/uploads\/2018\/09\/WhatsApp-Image-2018-09-17-at-2.02.44-PM.jpeg?resize=225%2C300\" alt=\"\" width=\"225\" height=\"300\" srcset=\"https:\/\/i0.wp.com\/gnugraf.org\/2018\/wp-content\/uploads\/2018\/09\/WhatsApp-Image-2018-09-17-at-2.02.44-PM.jpeg?resize=225%2C300 225w, https:\/\/i0.wp.com\/gnugraf.org\/2018\/wp-content\/uploads\/2018\/09\/WhatsApp-Image-2018-09-17-at-2.02.44-PM.jpeg?resize=768%2C1024 768w, https:\/\/i0.wp.com\/gnugraf.org\/2018\/wp-content\/uploads\/2018\/09\/WhatsApp-Image-2018-09-17-at-2.02.44-PM.jpeg?resize=600%2C800 600w, https:\/\/i0.wp.com\/gnugraf.org\/2018\/wp-content\/uploads\/2018\/09\/WhatsApp-Image-2018-09-17-at-2.02.44-PM.jpeg?w=960 960w\" sizes=\"auto, (max-width: 225px) 100vw, 225px\" \/><figcaption id=\"caption-attachment-363\" class=\"wp-caption-text\">Imagem que se encontra na marcenaria da institui\u00e7\u00e3o que retrata s\u00e3o Reiszel.<\/figcaption><\/figure>\n<p>Realmente a dedica\u00e7\u00e3o dele foi t\u00e3o grande que durante a montagem chegou a comprometer a suas costas. Muito obrigado mesmo <strong>S\u00e3o Reisze<\/strong>l! Voc\u00ea j\u00e1 tem um espa\u00e7o enorme no cora\u00e7\u00e3o do evento!<\/p>\n<figure id=\"attachment_371\" aria-describedby=\"caption-attachment-371\" style=\"width: 960px\" class=\"wp-caption aligncenter\"><img data-recalc-dims=\"1\" loading=\"lazy\" decoding=\"async\" data-attachment-id=\"371\" data-permalink=\"http:\/\/gnugraf.org\/2018\/10-anos-comemorado-com-sucesso\/42045263_2433376190013830_8516370701391757312_n\/\" data-orig-file=\"https:\/\/i0.wp.com\/gnugraf.org\/2018\/wp-content\/uploads\/2018\/09\/42045263_2433376190013830_8516370701391757312_n.jpg?fit=960%2C720\" data-orig-size=\"960,720\" data-comments-opened=\"1\" data-image-meta=\"{&quot;aperture&quot;:&quot;0&quot;,&quot;credit&quot;:&quot;&quot;,&quot;camera&quot;:&quot;&quot;,&quot;caption&quot;:&quot;&quot;,&quot;created_timestamp&quot;:&quot;0&quot;,&quot;copyright&quot;:&quot;&quot;,&quot;focal_length&quot;:&quot;0&quot;,&quot;iso&quot;:&quot;0&quot;,&quot;shutter_speed&quot;:&quot;0&quot;,&quot;title&quot;:&quot;&quot;,&quot;orientation&quot;:&quot;0&quot;}\" data-image-title=\"42045263_2433376190013830_8516370701391757312_n\" data-image-description=\"&lt;p&gt;Prof Ricardo fixando uma de nossas faixas.&lt;\/p&gt;\n\" data-image-caption=\"\" data-large-file=\"https:\/\/i0.wp.com\/gnugraf.org\/2018\/wp-content\/uploads\/2018\/09\/42045263_2433376190013830_8516370701391757312_n.jpg?fit=590%2C443\" class=\"wp-image-371 size-full\" src=\"https:\/\/i0.wp.com\/gnugraf.org\/2018\/wp-content\/uploads\/2018\/09\/42045263_2433376190013830_8516370701391757312_n.jpg?resize=590%2C443\" alt=\"\" width=\"590\" height=\"443\" srcset=\"https:\/\/i0.wp.com\/gnugraf.org\/2018\/wp-content\/uploads\/2018\/09\/42045263_2433376190013830_8516370701391757312_n.jpg?w=960 960w, https:\/\/i0.wp.com\/gnugraf.org\/2018\/wp-content\/uploads\/2018\/09\/42045263_2433376190013830_8516370701391757312_n.jpg?resize=300%2C225 300w, https:\/\/i0.wp.com\/gnugraf.org\/2018\/wp-content\/uploads\/2018\/09\/42045263_2433376190013830_8516370701391757312_n.jpg?resize=768%2C576 768w, https:\/\/i0.wp.com\/gnugraf.org\/2018\/wp-content\/uploads\/2018\/09\/42045263_2433376190013830_8516370701391757312_n.jpg?resize=600%2C450 600w\" sizes=\"auto, (max-width: 590px) 100vw, 590px\" \/><figcaption id=\"caption-attachment-371\" class=\"wp-caption-text\">Professor Ricardo fixando uma de nossas faixas.<\/figcaption><\/figure>\n<p>Outro destaque foi a palestra <strong>ESDI e <\/strong><strong>Software Livre: transi\u00e7\u00e3o institucional e pessoal\u00a0<\/strong>ministrada pelo\u00a0<strong>Prof. Ricardo Artur<\/strong>\u00a0que foi fundamental para coroar todo o processo de migra\u00e7\u00e3o ocorrido na institui\u00e7\u00e3o desde o inicio do deste ano.<\/p>\n<figure id=\"attachment_364\" aria-describedby=\"caption-attachment-364\" style=\"width: 639px\" class=\"wp-caption aligncenter\"><img data-recalc-dims=\"1\" loading=\"lazy\" decoding=\"async\" data-attachment-id=\"364\" data-permalink=\"http:\/\/gnugraf.org\/2018\/10-anos-comemorado-com-sucesso\/41287726_1950048718387289_1227253584475717632_n\/\" data-orig-file=\"https:\/\/i0.wp.com\/gnugraf.org\/2018\/wp-content\/uploads\/2018\/09\/41287726_1950048718387289_1227253584475717632_n.jpg?fit=639%2C960\" data-orig-size=\"639,960\" data-comments-opened=\"1\" data-image-meta=\"{&quot;aperture&quot;:&quot;0&quot;,&quot;credit&quot;:&quot;&quot;,&quot;camera&quot;:&quot;&quot;,&quot;caption&quot;:&quot;&quot;,&quot;created_timestamp&quot;:&quot;0&quot;,&quot;copyright&quot;:&quot;&quot;,&quot;focal_length&quot;:&quot;0&quot;,&quot;iso&quot;:&quot;0&quot;,&quot;shutter_speed&quot;:&quot;0&quot;,&quot;title&quot;:&quot;&quot;,&quot;orientation&quot;:&quot;0&quot;}\" data-image-title=\"41287726_1950048718387289_1227253584475717632_n\" data-image-description=\"\" data-image-caption=\"&lt;p&gt;Um dos exerc\u00edcios de padronagem da oficina do Ricardo.&lt;\/p&gt;\n\" data-large-file=\"https:\/\/i0.wp.com\/gnugraf.org\/2018\/wp-content\/uploads\/2018\/09\/41287726_1950048718387289_1227253584475717632_n.jpg?fit=590%2C886\" class=\"wp-image-364 size-full\" src=\"https:\/\/i0.wp.com\/gnugraf.org\/2018\/wp-content\/uploads\/2018\/09\/41287726_1950048718387289_1227253584475717632_n.jpg?resize=590%2C886\" alt=\"\" width=\"590\" height=\"886\" srcset=\"https:\/\/i0.wp.com\/gnugraf.org\/2018\/wp-content\/uploads\/2018\/09\/41287726_1950048718387289_1227253584475717632_n.jpg?w=639 639w, https:\/\/i0.wp.com\/gnugraf.org\/2018\/wp-content\/uploads\/2018\/09\/41287726_1950048718387289_1227253584475717632_n.jpg?resize=200%2C300 200w, https:\/\/i0.wp.com\/gnugraf.org\/2018\/wp-content\/uploads\/2018\/09\/41287726_1950048718387289_1227253584475717632_n.jpg?resize=600%2C901 600w\" sizes=\"auto, (max-width: 590px) 100vw, 590px\" \/><figcaption id=\"caption-attachment-364\" class=\"wp-caption-text\">Um dos exerc\u00edcios de padronagem da oficina do Ricardo.<\/figcaption><\/figure>\n<p>Vale ressaltar tamb\u00e9m a oficina ministrada por ele de <strong>Design de padronagem com Inkscape <\/strong>que simplesmente lotou! Parab\u00e9ns mesmo Ricardo seu ingresso no mundo do software livre pode ser recente, mas sua contribui\u00e7\u00e3o para o movimento j\u00e1 \u00e9 muito significativa!<\/p>\n<p><img data-recalc-dims=\"1\" loading=\"lazy\" decoding=\"async\" data-attachment-id=\"365\" data-permalink=\"http:\/\/gnugraf.org\/2018\/10-anos-comemorado-com-sucesso\/12193556_733901976714951_1093849022848352528_n\/\" data-orig-file=\"https:\/\/i0.wp.com\/gnugraf.org\/2018\/wp-content\/uploads\/2018\/09\/12193556_733901976714951_1093849022848352528_n.jpg?fit=637%2C960\" data-orig-size=\"637,960\" data-comments-opened=\"1\" data-image-meta=\"{&quot;aperture&quot;:&quot;0&quot;,&quot;credit&quot;:&quot;Mallu Silva&quot;,&quot;camera&quot;:&quot;&quot;,&quot;caption&quot;:&quot;&quot;,&quot;created_timestamp&quot;:&quot;0&quot;,&quot;copyright&quot;:&quot;Mallu Silva\/Labfoto\\u00a92015&quot;,&quot;focal_length&quot;:&quot;0&quot;,&quot;iso&quot;:&quot;0&quot;,&quot;shutter_speed&quot;:&quot;0&quot;,&quot;title&quot;:&quot;&quot;,&quot;orientation&quot;:&quot;0&quot;}\" data-image-title=\"12193556_733901976714951_1093849022848352528_n\" data-image-description=\"\" data-image-caption=\"\" data-large-file=\"https:\/\/i0.wp.com\/gnugraf.org\/2018\/wp-content\/uploads\/2018\/09\/12193556_733901976714951_1093849022848352528_n.jpg?fit=590%2C889\" class=\"alignnone size-medium wp-image-365 aligncenter\" src=\"https:\/\/i0.wp.com\/gnugraf.org\/2018\/wp-content\/uploads\/2018\/09\/12193556_733901976714951_1093849022848352528_n.jpg?resize=199%2C300\" alt=\"\" width=\"199\" height=\"300\" srcset=\"https:\/\/i0.wp.com\/gnugraf.org\/2018\/wp-content\/uploads\/2018\/09\/12193556_733901976714951_1093849022848352528_n.jpg?resize=199%2C300 199w, https:\/\/i0.wp.com\/gnugraf.org\/2018\/wp-content\/uploads\/2018\/09\/12193556_733901976714951_1093849022848352528_n.jpg?resize=600%2C904 600w, https:\/\/i0.wp.com\/gnugraf.org\/2018\/wp-content\/uploads\/2018\/09\/12193556_733901976714951_1093849022848352528_n.jpg?w=637 637w\" sizes=\"auto, (max-width: 199px) 100vw, 199px\" \/><\/p>\n<p>Claro que n\u00e3o poderia deixar passar a sempre doce e super prestativa<strong> Denise<\/strong>, sua aten\u00e7\u00e3o aos detalhes e sua busca pela perfei\u00e7\u00e3o foi um grande motivador para continuarmos vencendo as etapas da montagem deste evento! Agradecemos muito a voc\u00ea!<\/p>\n<p><img data-recalc-dims=\"1\" loading=\"lazy\" decoding=\"async\" data-attachment-id=\"366\" data-permalink=\"http:\/\/gnugraf.org\/2018\/10-anos-comemorado-com-sucesso\/41964622_706251709752607_5649778896611049472_n\/\" data-orig-file=\"https:\/\/i0.wp.com\/gnugraf.org\/2018\/wp-content\/uploads\/2018\/09\/41964622_706251709752607_5649778896611049472_n.jpg?fit=1920%2C1080\" data-orig-size=\"1920,1080\" data-comments-opened=\"1\" data-image-meta=\"{&quot;aperture&quot;:&quot;0&quot;,&quot;credit&quot;:&quot;&quot;,&quot;camera&quot;:&quot;&quot;,&quot;caption&quot;:&quot;&quot;,&quot;created_timestamp&quot;:&quot;0&quot;,&quot;copyright&quot;:&quot;&quot;,&quot;focal_length&quot;:&quot;0&quot;,&quot;iso&quot;:&quot;0&quot;,&quot;shutter_speed&quot;:&quot;0&quot;,&quot;title&quot;:&quot;&quot;,&quot;orientation&quot;:&quot;0&quot;}\" data-image-title=\"41964622_706251709752607_5649778896611049472_n\" data-image-description=\"\" data-image-caption=\"\" data-large-file=\"https:\/\/i0.wp.com\/gnugraf.org\/2018\/wp-content\/uploads\/2018\/09\/41964622_706251709752607_5649778896611049472_n.jpg?fit=590%2C332\" class=\"aligncenter wp-image-366 size-large\" src=\"https:\/\/i0.wp.com\/gnugraf.org\/2018\/wp-content\/uploads\/2018\/09\/41964622_706251709752607_5649778896611049472_n.jpg?resize=590%2C332\" alt=\"\" width=\"590\" height=\"332\" srcset=\"https:\/\/i0.wp.com\/gnugraf.org\/2018\/wp-content\/uploads\/2018\/09\/41964622_706251709752607_5649778896611049472_n.jpg?resize=1024%2C576 1024w, https:\/\/i0.wp.com\/gnugraf.org\/2018\/wp-content\/uploads\/2018\/09\/41964622_706251709752607_5649778896611049472_n.jpg?resize=300%2C169 300w, https:\/\/i0.wp.com\/gnugraf.org\/2018\/wp-content\/uploads\/2018\/09\/41964622_706251709752607_5649778896611049472_n.jpg?resize=768%2C432 768w, https:\/\/i0.wp.com\/gnugraf.org\/2018\/wp-content\/uploads\/2018\/09\/41964622_706251709752607_5649778896611049472_n.jpg?resize=600%2C338 600w, https:\/\/i0.wp.com\/gnugraf.org\/2018\/wp-content\/uploads\/2018\/09\/41964622_706251709752607_5649778896611049472_n.jpg?w=1920 1920w, https:\/\/i0.wp.com\/gnugraf.org\/2018\/wp-content\/uploads\/2018\/09\/41964622_706251709752607_5649778896611049472_n.jpg?w=1180 1180w, https:\/\/i0.wp.com\/gnugraf.org\/2018\/wp-content\/uploads\/2018\/09\/41964622_706251709752607_5649778896611049472_n.jpg?w=1770 1770w\" sizes=\"auto, (max-width: 590px) 100vw, 590px\" \/><\/p>\n<p>Um grande destaque desta edi\u00e7\u00e3o foi a entrega de certificados do curso de <strong>designer gr\u00e1fico com Software Livre do Instituto Abra\u00e7o do Tigre<\/strong>. Foi a primeira vez que o evento abre espa\u00e7o para este tipo de atividade. Esperemos que nos pr\u00f3ximos anos mais iniciativas como esta nos procurem para podermos repetir em edi\u00e7\u00f5es futuras.<\/p>\n<figure id=\"attachment_373\" aria-describedby=\"caption-attachment-373\" style=\"width: 590px\" class=\"wp-caption aligncenter\"><img data-recalc-dims=\"1\" loading=\"lazy\" decoding=\"async\" data-attachment-id=\"373\" data-permalink=\"http:\/\/gnugraf.org\/2018\/10-anos-comemorado-com-sucesso\/whatsapp-image-2018-09-17-at-3-10-46-pm\/\" data-orig-file=\"https:\/\/i0.wp.com\/gnugraf.org\/2018\/wp-content\/uploads\/2018\/09\/WhatsApp-Image-2018-09-17-at-3.10.46-PM.jpeg?fit=960%2C1280\" data-orig-size=\"960,1280\" data-comments-opened=\"1\" data-image-meta=\"{&quot;aperture&quot;:&quot;0&quot;,&quot;credit&quot;:&quot;&quot;,&quot;camera&quot;:&quot;&quot;,&quot;caption&quot;:&quot;&quot;,&quot;created_timestamp&quot;:&quot;0&quot;,&quot;copyright&quot;:&quot;&quot;,&quot;focal_length&quot;:&quot;0&quot;,&quot;iso&quot;:&quot;0&quot;,&quot;shutter_speed&quot;:&quot;0&quot;,&quot;title&quot;:&quot;&quot;,&quot;orientation&quot;:&quot;0&quot;}\" data-image-title=\"WhatsApp Image 2018-09-17 at 3.10.46 PM\" data-image-description=\"\" data-image-caption=\"&lt;p&gt;Marina orientando um aluno na oficina.&lt;\/p&gt;\n\" data-large-file=\"https:\/\/i0.wp.com\/gnugraf.org\/2018\/wp-content\/uploads\/2018\/09\/WhatsApp-Image-2018-09-17-at-3.10.46-PM.jpeg?fit=590%2C787\" class=\"size-large wp-image-373\" src=\"https:\/\/i0.wp.com\/gnugraf.org\/2018\/wp-content\/uploads\/2018\/09\/WhatsApp-Image-2018-09-17-at-3.10.46-PM.jpeg?resize=590%2C787\" alt=\"\" width=\"590\" height=\"787\" srcset=\"https:\/\/i0.wp.com\/gnugraf.org\/2018\/wp-content\/uploads\/2018\/09\/WhatsApp-Image-2018-09-17-at-3.10.46-PM.jpeg?resize=768%2C1024 768w, https:\/\/i0.wp.com\/gnugraf.org\/2018\/wp-content\/uploads\/2018\/09\/WhatsApp-Image-2018-09-17-at-3.10.46-PM.jpeg?resize=225%2C300 225w, https:\/\/i0.wp.com\/gnugraf.org\/2018\/wp-content\/uploads\/2018\/09\/WhatsApp-Image-2018-09-17-at-3.10.46-PM.jpeg?resize=600%2C800 600w, https:\/\/i0.wp.com\/gnugraf.org\/2018\/wp-content\/uploads\/2018\/09\/WhatsApp-Image-2018-09-17-at-3.10.46-PM.jpeg?w=960 960w\" sizes=\"auto, (max-width: 590px) 100vw, 590px\" \/><figcaption id=\"caption-attachment-373\" class=\"wp-caption-text\">Marina orientando um aluno na oficina.<\/figcaption><\/figure>\n<p>Outra estreia foi a oficina de <strong>Marina Soares<\/strong>,\u00a0<strong>Produ\u00e7\u00e3o Audiovisual com Ferramentas Livres<\/strong> que tamb\u00e9m lotou e foi super elogiada! Marina com certeza esperamos voc\u00ea ano que vem!<\/p>\n<p><img data-recalc-dims=\"1\" loading=\"lazy\" decoding=\"async\" data-attachment-id=\"367\" data-permalink=\"http:\/\/gnugraf.org\/2018\/10-anos-comemorado-com-sucesso\/41827834_1785320311536213_6219834130394251264_n\/\" data-orig-file=\"https:\/\/i0.wp.com\/gnugraf.org\/2018\/wp-content\/uploads\/2018\/09\/41827834_1785320311536213_6219834130394251264_n.jpg?fit=960%2C960\" data-orig-size=\"960,960\" data-comments-opened=\"1\" data-image-meta=\"{&quot;aperture&quot;:&quot;0&quot;,&quot;credit&quot;:&quot;&quot;,&quot;camera&quot;:&quot;&quot;,&quot;caption&quot;:&quot;&quot;,&quot;created_timestamp&quot;:&quot;0&quot;,&quot;copyright&quot;:&quot;&quot;,&quot;focal_length&quot;:&quot;0&quot;,&quot;iso&quot;:&quot;0&quot;,&quot;shutter_speed&quot;:&quot;0&quot;,&quot;title&quot;:&quot;&quot;,&quot;orientation&quot;:&quot;0&quot;}\" data-image-title=\"41827834_1785320311536213_6219834130394251264_n\" data-image-description=\"\" data-image-caption=\"\" data-large-file=\"https:\/\/i0.wp.com\/gnugraf.org\/2018\/wp-content\/uploads\/2018\/09\/41827834_1785320311536213_6219834130394251264_n.jpg?fit=590%2C590\" class=\"aligncenter wp-image-367 size-full\" src=\"https:\/\/i0.wp.com\/gnugraf.org\/2018\/wp-content\/uploads\/2018\/09\/41827834_1785320311536213_6219834130394251264_n.jpg?resize=590%2C590\" alt=\"\" width=\"590\" height=\"590\" srcset=\"https:\/\/i0.wp.com\/gnugraf.org\/2018\/wp-content\/uploads\/2018\/09\/41827834_1785320311536213_6219834130394251264_n.jpg?w=960 960w, https:\/\/i0.wp.com\/gnugraf.org\/2018\/wp-content\/uploads\/2018\/09\/41827834_1785320311536213_6219834130394251264_n.jpg?resize=150%2C150 150w, https:\/\/i0.wp.com\/gnugraf.org\/2018\/wp-content\/uploads\/2018\/09\/41827834_1785320311536213_6219834130394251264_n.jpg?resize=300%2C300 300w, https:\/\/i0.wp.com\/gnugraf.org\/2018\/wp-content\/uploads\/2018\/09\/41827834_1785320311536213_6219834130394251264_n.jpg?resize=768%2C768 768w, https:\/\/i0.wp.com\/gnugraf.org\/2018\/wp-content\/uploads\/2018\/09\/41827834_1785320311536213_6219834130394251264_n.jpg?resize=600%2C600 600w, https:\/\/i0.wp.com\/gnugraf.org\/2018\/wp-content\/uploads\/2018\/09\/41827834_1785320311536213_6219834130394251264_n.jpg?resize=100%2C100 100w\" sizes=\"auto, (max-width: 590px) 100vw, 590px\" \/><\/p>\n<p>Outra oficina de destaque que lotou foi a de <strong>Guilherme Razgriz<\/strong>, <strong>Impress\u00e3o 3d<\/strong>, obrigado mesmo por arrasar mais uma vez Raz!<\/p>\n<figure id=\"attachment_370\" aria-describedby=\"caption-attachment-370\" style=\"width: 590px\" class=\"wp-caption aligncenter\"><img data-recalc-dims=\"1\" loading=\"lazy\" decoding=\"async\" data-attachment-id=\"370\" data-permalink=\"http:\/\/gnugraf.org\/2018\/10-anos-comemorado-com-sucesso\/whatsapp-image-2018-09-17-at-2-57-42-pm\/\" data-orig-file=\"https:\/\/i0.wp.com\/gnugraf.org\/2018\/wp-content\/uploads\/2018\/09\/WhatsApp-Image-2018-09-17-at-2.57.42-PM.jpeg?fit=1280%2C960\" data-orig-size=\"1280,960\" data-comments-opened=\"1\" data-image-meta=\"{&quot;aperture&quot;:&quot;0&quot;,&quot;credit&quot;:&quot;&quot;,&quot;camera&quot;:&quot;&quot;,&quot;caption&quot;:&quot;&quot;,&quot;created_timestamp&quot;:&quot;0&quot;,&quot;copyright&quot;:&quot;&quot;,&quot;focal_length&quot;:&quot;0&quot;,&quot;iso&quot;:&quot;0&quot;,&quot;shutter_speed&quot;:&quot;0&quot;,&quot;title&quot;:&quot;&quot;,&quot;orientation&quot;:&quot;0&quot;}\" data-image-title=\"WhatsApp Image 2018-09-17 at 2.57.42 PM\" data-image-description=\"\" data-image-caption=\"&lt;p&gt;Professor Claudio Medin ao centro, Cadunico a esquerda e Alexandre Cantini a direita.&lt;\/p&gt;\n\" data-large-file=\"https:\/\/i0.wp.com\/gnugraf.org\/2018\/wp-content\/uploads\/2018\/09\/WhatsApp-Image-2018-09-17-at-2.57.42-PM.jpeg?fit=590%2C443\" class=\"size-large wp-image-370\" src=\"https:\/\/i0.wp.com\/gnugraf.org\/2018\/wp-content\/uploads\/2018\/09\/WhatsApp-Image-2018-09-17-at-2.57.42-PM.jpeg?resize=590%2C443\" alt=\"\" width=\"590\" height=\"443\" srcset=\"https:\/\/i0.wp.com\/gnugraf.org\/2018\/wp-content\/uploads\/2018\/09\/WhatsApp-Image-2018-09-17-at-2.57.42-PM.jpeg?resize=1024%2C768 1024w, https:\/\/i0.wp.com\/gnugraf.org\/2018\/wp-content\/uploads\/2018\/09\/WhatsApp-Image-2018-09-17-at-2.57.42-PM.jpeg?resize=300%2C225 300w, https:\/\/i0.wp.com\/gnugraf.org\/2018\/wp-content\/uploads\/2018\/09\/WhatsApp-Image-2018-09-17-at-2.57.42-PM.jpeg?resize=768%2C576 768w, https:\/\/i0.wp.com\/gnugraf.org\/2018\/wp-content\/uploads\/2018\/09\/WhatsApp-Image-2018-09-17-at-2.57.42-PM.jpeg?resize=600%2C450 600w, https:\/\/i0.wp.com\/gnugraf.org\/2018\/wp-content\/uploads\/2018\/09\/WhatsApp-Image-2018-09-17-at-2.57.42-PM.jpeg?w=1280 1280w, https:\/\/i0.wp.com\/gnugraf.org\/2018\/wp-content\/uploads\/2018\/09\/WhatsApp-Image-2018-09-17-at-2.57.42-PM.jpeg?w=1180 1180w\" sizes=\"auto, (max-width: 590px) 100vw, 590px\" \/><figcaption id=\"caption-attachment-370\" class=\"wp-caption-text\">Professor Claudio Medin ao centro, Cadunico a esquerda e Alexandre Cantini a direita.<\/figcaption><\/figure>\n<p>Pelo segundo ano veio de La Plata o professor <strong>Claudio Medin<\/strong> do <strong>laborat\u00f3rio SLAD<\/strong> da\u00a0 e nos agraciou com sua palestra sempre focada na milit\u00e2ncia do Software Livre como uma solu\u00e7\u00e3o vi\u00e1vel na produ\u00e7\u00e3o de conte\u00fado multi m\u00eddia! <span id=\"result_box\" class=\"\" lang=\"es\"><span class=\"\">Enhorabuena profesor, sepa que estamos juntos en la lucha contra la pirater\u00eda y contra el poder imperialista del software propietario que recae en los usuarios.<\/span> GNU!<\/span><\/p>\n<figure id=\"attachment_369\" aria-describedby=\"caption-attachment-369\" style=\"width: 960px\" class=\"wp-caption aligncenter\"><img data-recalc-dims=\"1\" loading=\"lazy\" decoding=\"async\" data-attachment-id=\"369\" data-permalink=\"http:\/\/gnugraf.org\/2018\/10-anos-comemorado-com-sucesso\/42092547_2433375890013860_1505122863126937600_n\/\" data-orig-file=\"https:\/\/i0.wp.com\/gnugraf.org\/2018\/wp-content\/uploads\/2018\/09\/42092547_2433375890013860_1505122863126937600_n.jpg?fit=960%2C720\" data-orig-size=\"960,720\" data-comments-opened=\"1\" data-image-meta=\"{&quot;aperture&quot;:&quot;0&quot;,&quot;credit&quot;:&quot;&quot;,&quot;camera&quot;:&quot;&quot;,&quot;caption&quot;:&quot;&quot;,&quot;created_timestamp&quot;:&quot;0&quot;,&quot;copyright&quot;:&quot;&quot;,&quot;focal_length&quot;:&quot;0&quot;,&quot;iso&quot;:&quot;0&quot;,&quot;shutter_speed&quot;:&quot;0&quot;,&quot;title&quot;:&quot;&quot;,&quot;orientation&quot;:&quot;0&quot;}\" data-image-title=\"42092547_2433375890013860_1505122863126937600_n\" data-image-description=\"\" data-image-caption=\"\" data-large-file=\"https:\/\/i0.wp.com\/gnugraf.org\/2018\/wp-content\/uploads\/2018\/09\/42092547_2433375890013860_1505122863126937600_n.jpg?fit=590%2C443\" class=\"wp-image-369 size-full\" src=\"https:\/\/i0.wp.com\/gnugraf.org\/2018\/wp-content\/uploads\/2018\/09\/42092547_2433375890013860_1505122863126937600_n.jpg?resize=590%2C443\" alt=\"\" width=\"590\" height=\"443\" srcset=\"https:\/\/i0.wp.com\/gnugraf.org\/2018\/wp-content\/uploads\/2018\/09\/42092547_2433375890013860_1505122863126937600_n.jpg?w=960 960w, https:\/\/i0.wp.com\/gnugraf.org\/2018\/wp-content\/uploads\/2018\/09\/42092547_2433375890013860_1505122863126937600_n.jpg?resize=300%2C225 300w, https:\/\/i0.wp.com\/gnugraf.org\/2018\/wp-content\/uploads\/2018\/09\/42092547_2433375890013860_1505122863126937600_n.jpg?resize=768%2C576 768w, https:\/\/i0.wp.com\/gnugraf.org\/2018\/wp-content\/uploads\/2018\/09\/42092547_2433375890013860_1505122863126937600_n.jpg?resize=600%2C450 600w\" sizes=\"auto, (max-width: 590px) 100vw, 590px\" \/><figcaption id=\"caption-attachment-369\" class=\"wp-caption-text\">A esquerda na ordem de frente para traz Elias e Sebasti\u00e3o. A direita Cadunico.<\/figcaption><\/figure>\n<p>Sem contar as figurinhas carimbadas de todos os anos, tais como o <strong>Elias<\/strong>, que foi o maior propagandista da vaquinha virtual, <strong>Sebasti\u00e3o<\/strong> sempre fazendo do evento uma bagun\u00e7a super gostosa!<\/p>\n<figure id=\"attachment_372\" aria-describedby=\"caption-attachment-372\" style=\"width: 590px\" class=\"wp-caption aligncenter\"><img data-recalc-dims=\"1\" loading=\"lazy\" decoding=\"async\" data-attachment-id=\"372\" data-permalink=\"http:\/\/gnugraf.org\/2018\/10-anos-comemorado-com-sucesso\/whatsapp-image-2018-09-17-at-2-57-19-pm\/\" data-orig-file=\"https:\/\/i0.wp.com\/gnugraf.org\/2018\/wp-content\/uploads\/2018\/09\/WhatsApp-Image-2018-09-17-at-2.57.19-PM.jpeg?fit=1280%2C960\" data-orig-size=\"1280,960\" data-comments-opened=\"1\" data-image-meta=\"{&quot;aperture&quot;:&quot;0&quot;,&quot;credit&quot;:&quot;&quot;,&quot;camera&quot;:&quot;&quot;,&quot;caption&quot;:&quot;&quot;,&quot;created_timestamp&quot;:&quot;0&quot;,&quot;copyright&quot;:&quot;&quot;,&quot;focal_length&quot;:&quot;0&quot;,&quot;iso&quot;:&quot;0&quot;,&quot;shutter_speed&quot;:&quot;0&quot;,&quot;title&quot;:&quot;&quot;,&quot;orientation&quot;:&quot;0&quot;}\" data-image-title=\"WhatsApp Image 2018-09-17 at 2.57.19 PM\" data-image-description=\"\" data-image-caption=\"\" data-large-file=\"https:\/\/i0.wp.com\/gnugraf.org\/2018\/wp-content\/uploads\/2018\/09\/WhatsApp-Image-2018-09-17-at-2.57.19-PM.jpeg?fit=590%2C443\" class=\"wp-image-372 size-large\" src=\"https:\/\/i0.wp.com\/gnugraf.org\/2018\/wp-content\/uploads\/2018\/09\/WhatsApp-Image-2018-09-17-at-2.57.19-PM.jpeg?resize=590%2C443\" alt=\"\" width=\"590\" height=\"443\" srcset=\"https:\/\/i0.wp.com\/gnugraf.org\/2018\/wp-content\/uploads\/2018\/09\/WhatsApp-Image-2018-09-17-at-2.57.19-PM.jpeg?resize=1024%2C768 1024w, https:\/\/i0.wp.com\/gnugraf.org\/2018\/wp-content\/uploads\/2018\/09\/WhatsApp-Image-2018-09-17-at-2.57.19-PM.jpeg?resize=300%2C225 300w, https:\/\/i0.wp.com\/gnugraf.org\/2018\/wp-content\/uploads\/2018\/09\/WhatsApp-Image-2018-09-17-at-2.57.19-PM.jpeg?resize=768%2C576 768w, https:\/\/i0.wp.com\/gnugraf.org\/2018\/wp-content\/uploads\/2018\/09\/WhatsApp-Image-2018-09-17-at-2.57.19-PM.jpeg?resize=600%2C450 600w, https:\/\/i0.wp.com\/gnugraf.org\/2018\/wp-content\/uploads\/2018\/09\/WhatsApp-Image-2018-09-17-at-2.57.19-PM.jpeg?w=1280 1280w, https:\/\/i0.wp.com\/gnugraf.org\/2018\/wp-content\/uploads\/2018\/09\/WhatsApp-Image-2018-09-17-at-2.57.19-PM.jpeg?w=1180 1180w\" sizes=\"auto, (max-width: 590px) 100vw, 590px\" \/><figcaption id=\"caption-attachment-372\" class=\"wp-caption-text\">A esquerda Jo\u00e3o Rocha e a Direita Cleozita coordenadora do GNUGRAF.<\/figcaption><\/figure>\n<p>Sem falar de <strong>Jo\u00e3o Rocha<\/strong> que \u00e9 o nosso fot\u00f3grafo oficial e desta vez apareceu na fotografia! Obrigado mesmo por estes anos todos de dedica\u00e7\u00e3o!<\/p>\n<figure id=\"attachment_374\" aria-describedby=\"caption-attachment-374\" style=\"width: 720px\" class=\"wp-caption aligncenter\"><img data-recalc-dims=\"1\" loading=\"lazy\" decoding=\"async\" data-attachment-id=\"374\" data-permalink=\"http:\/\/gnugraf.org\/2018\/10-anos-comemorado-com-sucesso\/41897066_2433374383347344_6395347109951832064_n\/\" data-orig-file=\"https:\/\/i0.wp.com\/gnugraf.org\/2018\/wp-content\/uploads\/2018\/09\/41897066_2433374383347344_6395347109951832064_n.jpg?fit=720%2C960\" data-orig-size=\"720,960\" data-comments-opened=\"1\" data-image-meta=\"{&quot;aperture&quot;:&quot;0&quot;,&quot;credit&quot;:&quot;&quot;,&quot;camera&quot;:&quot;&quot;,&quot;caption&quot;:&quot;&quot;,&quot;created_timestamp&quot;:&quot;0&quot;,&quot;copyright&quot;:&quot;&quot;,&quot;focal_length&quot;:&quot;0&quot;,&quot;iso&quot;:&quot;0&quot;,&quot;shutter_speed&quot;:&quot;0&quot;,&quot;title&quot;:&quot;&quot;,&quot;orientation&quot;:&quot;0&quot;}\" data-image-title=\"41897066_2433374383347344_6395347109951832064_n\" data-image-description=\"\" data-image-caption=\"&lt;p&gt;A esquerda, Cadunico e Jo\u00e3o Rocha. A direita Dalai Felinto.&lt;\/p&gt;\n\" data-large-file=\"https:\/\/i0.wp.com\/gnugraf.org\/2018\/wp-content\/uploads\/2018\/09\/41897066_2433374383347344_6395347109951832064_n.jpg?fit=590%2C787\" class=\"size-full wp-image-374\" src=\"https:\/\/i0.wp.com\/gnugraf.org\/2018\/wp-content\/uploads\/2018\/09\/41897066_2433374383347344_6395347109951832064_n.jpg?resize=590%2C787\" alt=\"\" width=\"590\" height=\"787\" srcset=\"https:\/\/i0.wp.com\/gnugraf.org\/2018\/wp-content\/uploads\/2018\/09\/41897066_2433374383347344_6395347109951832064_n.jpg?w=720 720w, https:\/\/i0.wp.com\/gnugraf.org\/2018\/wp-content\/uploads\/2018\/09\/41897066_2433374383347344_6395347109951832064_n.jpg?resize=225%2C300 225w, https:\/\/i0.wp.com\/gnugraf.org\/2018\/wp-content\/uploads\/2018\/09\/41897066_2433374383347344_6395347109951832064_n.jpg?resize=600%2C800 600w\" sizes=\"auto, (max-width: 590px) 100vw, 590px\" \/><figcaption id=\"caption-attachment-374\" class=\"wp-caption-text\">A esquerda, Cadunico e Jo\u00e3o Rocha. A direita Dalai Felinto.<\/figcaption><\/figure>\n<p>O Keynote desta edi\u00e7\u00e3o foi nada mais nada menos que <strong>Dalai Felinto<\/strong> o <strong>coordenador de desenvolvimento da vers\u00e3o 2.8 do Blender no Codequest<\/strong>.<\/p>\n<p><img data-recalc-dims=\"1\" loading=\"lazy\" decoding=\"async\" data-attachment-id=\"375\" data-permalink=\"http:\/\/gnugraf.org\/2018\/10-anos-comemorado-com-sucesso\/whatsapp-image-2018-09-15-at-2-15-57-pm\/\" data-orig-file=\"https:\/\/i0.wp.com\/gnugraf.org\/2018\/wp-content\/uploads\/2018\/09\/WhatsApp-Image-2018-09-15-at-2.15.57-PM.jpeg?fit=1032%2C581\" data-orig-size=\"1032,581\" data-comments-opened=\"1\" data-image-meta=\"{&quot;aperture&quot;:&quot;0&quot;,&quot;credit&quot;:&quot;&quot;,&quot;camera&quot;:&quot;&quot;,&quot;caption&quot;:&quot;&quot;,&quot;created_timestamp&quot;:&quot;0&quot;,&quot;copyright&quot;:&quot;&quot;,&quot;focal_length&quot;:&quot;0&quot;,&quot;iso&quot;:&quot;0&quot;,&quot;shutter_speed&quot;:&quot;0&quot;,&quot;title&quot;:&quot;&quot;,&quot;orientation&quot;:&quot;0&quot;}\" data-image-title=\"WhatsApp Image 2018-09-15 at 2.15.57 PM\" data-image-description=\"\" data-image-caption=\"\" data-large-file=\"https:\/\/i0.wp.com\/gnugraf.org\/2018\/wp-content\/uploads\/2018\/09\/WhatsApp-Image-2018-09-15-at-2.15.57-PM.jpeg?fit=590%2C332\" class=\"aligncenter size-large wp-image-375\" src=\"https:\/\/i0.wp.com\/gnugraf.org\/2018\/wp-content\/uploads\/2018\/09\/WhatsApp-Image-2018-09-15-at-2.15.57-PM.jpeg?resize=590%2C332\" alt=\"\" width=\"590\" height=\"332\" srcset=\"https:\/\/i0.wp.com\/gnugraf.org\/2018\/wp-content\/uploads\/2018\/09\/WhatsApp-Image-2018-09-15-at-2.15.57-PM.jpeg?resize=1024%2C576 1024w, https:\/\/i0.wp.com\/gnugraf.org\/2018\/wp-content\/uploads\/2018\/09\/WhatsApp-Image-2018-09-15-at-2.15.57-PM.jpeg?resize=300%2C169 300w, https:\/\/i0.wp.com\/gnugraf.org\/2018\/wp-content\/uploads\/2018\/09\/WhatsApp-Image-2018-09-15-at-2.15.57-PM.jpeg?resize=768%2C432 768w, https:\/\/i0.wp.com\/gnugraf.org\/2018\/wp-content\/uploads\/2018\/09\/WhatsApp-Image-2018-09-15-at-2.15.57-PM.jpeg?resize=600%2C338 600w, https:\/\/i0.wp.com\/gnugraf.org\/2018\/wp-content\/uploads\/2018\/09\/WhatsApp-Image-2018-09-15-at-2.15.57-PM.jpeg?w=1032 1032w\" sizes=\"auto, (max-width: 590px) 100vw, 590px\" \/><\/p>\n<p>Gostar\u00edamos de agradecer imensamente a equipe de apoio, pessoal voc\u00eas foram demais! Arrasaram.<\/p>\n<p><img data-recalc-dims=\"1\" loading=\"lazy\" decoding=\"async\" data-attachment-id=\"376\" data-permalink=\"http:\/\/gnugraf.org\/2018\/10-anos-comemorado-com-sucesso\/41845757_2433375580013891_8542576534542614528_n\/\" data-orig-file=\"https:\/\/i0.wp.com\/gnugraf.org\/2018\/wp-content\/uploads\/2018\/09\/41845757_2433375580013891_8542576534542614528_n.jpg?fit=960%2C720\" data-orig-size=\"960,720\" data-comments-opened=\"1\" data-image-meta=\"{&quot;aperture&quot;:&quot;0&quot;,&quot;credit&quot;:&quot;&quot;,&quot;camera&quot;:&quot;&quot;,&quot;caption&quot;:&quot;&quot;,&quot;created_timestamp&quot;:&quot;0&quot;,&quot;copyright&quot;:&quot;&quot;,&quot;focal_length&quot;:&quot;0&quot;,&quot;iso&quot;:&quot;0&quot;,&quot;shutter_speed&quot;:&quot;0&quot;,&quot;title&quot;:&quot;&quot;,&quot;orientation&quot;:&quot;0&quot;}\" data-image-title=\"41845757_2433375580013891_8542576534542614528_n\" data-image-description=\"\" data-image-caption=\"\" data-large-file=\"https:\/\/i0.wp.com\/gnugraf.org\/2018\/wp-content\/uploads\/2018\/09\/41845757_2433375580013891_8542576534542614528_n.jpg?fit=590%2C443\" class=\"aligncenter size-full wp-image-376\" src=\"https:\/\/i0.wp.com\/gnugraf.org\/2018\/wp-content\/uploads\/2018\/09\/41845757_2433375580013891_8542576534542614528_n.jpg?resize=590%2C443\" alt=\"\" width=\"590\" height=\"443\" srcset=\"https:\/\/i0.wp.com\/gnugraf.org\/2018\/wp-content\/uploads\/2018\/09\/41845757_2433375580013891_8542576534542614528_n.jpg?w=960 960w, https:\/\/i0.wp.com\/gnugraf.org\/2018\/wp-content\/uploads\/2018\/09\/41845757_2433375580013891_8542576534542614528_n.jpg?resize=300%2C225 300w, https:\/\/i0.wp.com\/gnugraf.org\/2018\/wp-content\/uploads\/2018\/09\/41845757_2433375580013891_8542576534542614528_n.jpg?resize=768%2C576 768w, https:\/\/i0.wp.com\/gnugraf.org\/2018\/wp-content\/uploads\/2018\/09\/41845757_2433375580013891_8542576534542614528_n.jpg?resize=600%2C450 600w\" sizes=\"auto, (max-width: 590px) 100vw, 590px\" \/><\/p>\n<p>Um destaque muito especial a <strong>Vitoria<\/strong>\u00a0 que fez os origami de pinguim para entregar ao p\u00fablico. Sua delicadeza nos comoveu profundamente!<\/p>\n<p>Al\u00e9m deles com certeza todos os<strong> palestrantes e oficineiros<\/strong>, sem a qualidade da experi\u00eancia trocada por voc\u00eas neste evento n\u00e3o ter\u00edamos o sucesso que temos hoje!<\/p>\n<p><img data-recalc-dims=\"1\" loading=\"lazy\" decoding=\"async\" data-attachment-id=\"377\" data-permalink=\"http:\/\/gnugraf.org\/2018\/10-anos-comemorado-com-sucesso\/41991673_2433375646680551_1708862565322326016_n\/\" data-orig-file=\"https:\/\/i0.wp.com\/gnugraf.org\/2018\/wp-content\/uploads\/2018\/09\/41991673_2433375646680551_1708862565322326016_n.jpg?fit=960%2C720\" data-orig-size=\"960,720\" data-comments-opened=\"1\" data-image-meta=\"{&quot;aperture&quot;:&quot;0&quot;,&quot;credit&quot;:&quot;&quot;,&quot;camera&quot;:&quot;&quot;,&quot;caption&quot;:&quot;&quot;,&quot;created_timestamp&quot;:&quot;0&quot;,&quot;copyright&quot;:&quot;&quot;,&quot;focal_length&quot;:&quot;0&quot;,&quot;iso&quot;:&quot;0&quot;,&quot;shutter_speed&quot;:&quot;0&quot;,&quot;title&quot;:&quot;&quot;,&quot;orientation&quot;:&quot;0&quot;}\" data-image-title=\"41991673_2433375646680551_1708862565322326016_n\" data-image-description=\"\" data-image-caption=\"\" data-large-file=\"https:\/\/i0.wp.com\/gnugraf.org\/2018\/wp-content\/uploads\/2018\/09\/41991673_2433375646680551_1708862565322326016_n.jpg?fit=590%2C443\" class=\"aligncenter size-full wp-image-377\" src=\"https:\/\/i0.wp.com\/gnugraf.org\/2018\/wp-content\/uploads\/2018\/09\/41991673_2433375646680551_1708862565322326016_n.jpg?resize=590%2C443\" alt=\"\" width=\"590\" height=\"443\" srcset=\"https:\/\/i0.wp.com\/gnugraf.org\/2018\/wp-content\/uploads\/2018\/09\/41991673_2433375646680551_1708862565322326016_n.jpg?w=960 960w, https:\/\/i0.wp.com\/gnugraf.org\/2018\/wp-content\/uploads\/2018\/09\/41991673_2433375646680551_1708862565322326016_n.jpg?resize=300%2C225 300w, https:\/\/i0.wp.com\/gnugraf.org\/2018\/wp-content\/uploads\/2018\/09\/41991673_2433375646680551_1708862565322326016_n.jpg?resize=768%2C576 768w, https:\/\/i0.wp.com\/gnugraf.org\/2018\/wp-content\/uploads\/2018\/09\/41991673_2433375646680551_1708862565322326016_n.jpg?resize=600%2C450 600w\" sizes=\"auto, (max-width: 590px) 100vw, 590px\" \/><\/p>\n<p>Com certeza o maior destaque de qualquer GNUGRAF \u00e9 o p\u00fablico, voc\u00eas s\u00e3o o motivo que no move a fazer o evento! Obrigado mais uma vez por prestigiar.<\/p>\n<p><img data-recalc-dims=\"1\" loading=\"lazy\" decoding=\"async\" data-attachment-id=\"252\" data-permalink=\"http:\/\/gnugraf.org\/2018\/?attachment_id=252\" data-orig-file=\"https:\/\/i0.wp.com\/gnugraf.org\/2018\/wp-content\/uploads\/2018\/07\/rioinfo-2018-aprovada.png?fit=1775%2C1627\" data-orig-size=\"1775,1627\" data-comments-opened=\"1\" data-image-meta=\"{&quot;aperture&quot;:&quot;0&quot;,&quot;credit&quot;:&quot;&quot;,&quot;camera&quot;:&quot;&quot;,&quot;caption&quot;:&quot;&quot;,&quot;created_timestamp&quot;:&quot;0&quot;,&quot;copyright&quot;:&quot;&quot;,&quot;focal_length&quot;:&quot;0&quot;,&quot;iso&quot;:&quot;0&quot;,&quot;shutter_speed&quot;:&quot;0&quot;,&quot;title&quot;:&quot;&quot;,&quot;orientation&quot;:&quot;0&quot;}\" data-image-title=\"rioinfo 2018 aprovada\" data-image-description=\"\" data-image-caption=\"\" data-large-file=\"https:\/\/i0.wp.com\/gnugraf.org\/2018\/wp-content\/uploads\/2018\/07\/rioinfo-2018-aprovada.png?fit=590%2C541\" class=\"alignleft wp-image-252 size-medium\" src=\"https:\/\/i0.wp.com\/gnugraf.org\/2018\/wp-content\/uploads\/2018\/07\/rioinfo-2018-aprovada.png?resize=300%2C275\" alt=\"\" width=\"300\" height=\"275\" srcset=\"https:\/\/i0.wp.com\/gnugraf.org\/2018\/wp-content\/uploads\/2018\/07\/rioinfo-2018-aprovada.png?resize=300%2C275 300w, https:\/\/i0.wp.com\/gnugraf.org\/2018\/wp-content\/uploads\/2018\/07\/rioinfo-2018-aprovada.png?resize=768%2C704 768w, https:\/\/i0.wp.com\/gnugraf.org\/2018\/wp-content\/uploads\/2018\/07\/rioinfo-2018-aprovada.png?resize=1024%2C939 1024w, https:\/\/i0.wp.com\/gnugraf.org\/2018\/wp-content\/uploads\/2018\/07\/rioinfo-2018-aprovada.png?resize=600%2C550 600w, https:\/\/i0.wp.com\/gnugraf.org\/2018\/wp-content\/uploads\/2018\/07\/rioinfo-2018-aprovada.png?w=1775 1775w, https:\/\/i0.wp.com\/gnugraf.org\/2018\/wp-content\/uploads\/2018\/07\/rioinfo-2018-aprovada.png?w=1180 1180w\" sizes=\"auto, (max-width: 300px) 100vw, 300px\" \/><img data-recalc-dims=\"1\" loading=\"lazy\" decoding=\"async\" data-attachment-id=\"263\" data-permalink=\"http:\/\/gnugraf.org\/2018\/?attachment_id=263\" data-orig-file=\"https:\/\/i0.wp.com\/gnugraf.org\/2018\/wp-content\/uploads\/2018\/07\/Logo-IUS.png?fit=1250%2C1278\" data-orig-size=\"1250,1278\" data-comments-opened=\"1\" data-image-meta=\"{&quot;aperture&quot;:&quot;0&quot;,&quot;credit&quot;:&quot;&quot;,&quot;camera&quot;:&quot;&quot;,&quot;caption&quot;:&quot;&quot;,&quot;created_timestamp&quot;:&quot;0&quot;,&quot;copyright&quot;:&quot;&quot;,&quot;focal_length&quot;:&quot;0&quot;,&quot;iso&quot;:&quot;0&quot;,&quot;shutter_speed&quot;:&quot;0&quot;,&quot;title&quot;:&quot;&quot;,&quot;orientation&quot;:&quot;0&quot;}\" data-image-title=\"Logo IUS\" data-image-description=\"\" data-image-caption=\"\" data-large-file=\"https:\/\/i0.wp.com\/gnugraf.org\/2018\/wp-content\/uploads\/2018\/07\/Logo-IUS.png?fit=590%2C603\" class=\"wp-image-263 size-medium alignleft\" src=\"https:\/\/i0.wp.com\/gnugraf.org\/2018\/wp-content\/uploads\/2018\/07\/Logo-IUS.png?resize=293%2C300\" alt=\"\" width=\"293\" height=\"300\" srcset=\"https:\/\/i0.wp.com\/gnugraf.org\/2018\/wp-content\/uploads\/2018\/07\/Logo-IUS.png?resize=293%2C300 293w, https:\/\/i0.wp.com\/gnugraf.org\/2018\/wp-content\/uploads\/2018\/07\/Logo-IUS.png?resize=768%2C785 768w, https:\/\/i0.wp.com\/gnugraf.org\/2018\/wp-content\/uploads\/2018\/07\/Logo-IUS.png?resize=1002%2C1024 1002w, https:\/\/i0.wp.com\/gnugraf.org\/2018\/wp-content\/uploads\/2018\/07\/Logo-IUS.png?resize=600%2C613 600w, https:\/\/i0.wp.com\/gnugraf.org\/2018\/wp-content\/uploads\/2018\/07\/Logo-IUS.png?w=1250 1250w, https:\/\/i0.wp.com\/gnugraf.org\/2018\/wp-content\/uploads\/2018\/07\/Logo-IUS.png?w=1180 1180w\" sizes=\"auto, (max-width: 293px) 100vw, 293px\" \/><\/p>\n<p>&nbsp;<\/p>\n<p>&nbsp;<\/p>\n<p>&nbsp;<\/p>\n<p>&nbsp;<\/p>\n<p>&nbsp;<\/p>\n<p>&nbsp;<\/p>\n<p>&nbsp;<\/p>\n<p>&nbsp;<\/p>\n<p>&nbsp;<\/p>\n<p>Agradecer aos patrocinadores por sempre ajudar o evento. Voc\u00eas s\u00e3o mais do que parceiros, s\u00e3o super amigos do GNUGRAF!<\/p>\n<p>Al\u00e9m deles, tamb\u00e9m destacar os contribuidores da vaquinha virtual!<\/p>\n<p>Luis Aur\u00e9lio do Patrocinio<br \/>\nGiany Nogueira de Abreu Almeida<br \/>\nJo\u00e3o Rocha Braga Filho<br \/>\nWilKjens Lenon Silva de Andrade<br \/>\nBarbara Tostes<br \/>\nFrederico Gon\u00e7alves Guimar\u00e3es<br \/>\nGilcivan Carvalho de Sousa<br \/>\nRicardo Fritsch<br \/>\nEmanuel Negromonte<br \/>\nMarcos Sir\u00edaco Martins<br \/>\nluiz Guilherme Francovich Aldabalde<br \/>\nCarlos Henrique Lucas Ferreira<br \/>\nLuis Retondaro<br \/>\nRosana da Paz Ferreira<br \/>\nNilton Jos\u00e9 Rizzo<br \/>\nLeonardo Rosa Vieira<br \/>\natf<br \/>\nRicardo Artur Pereira Carvalho<br \/>\n\u00c1lvaro Justen<br \/>\nDionatan Simioni<br \/>\nHenrique de Andrade<br \/>\nHenrique Rego Monteiro da Hora<br \/>\nWe Love Teach<br \/>\nGustavo Rosa<br \/>\nCartola<br \/>\nHelio Loureiro<br \/>\nLivra-TE &#8211; Tecnologia &amp; Educa\u00e7\u00e3o em Sw Livre<br \/>\nElias de Carvalho Silveira<\/p>\n<p><img data-recalc-dims=\"1\" loading=\"lazy\" decoding=\"async\" data-attachment-id=\"386\" data-permalink=\"http:\/\/gnugraf.org\/2018\/10-anos-comemorado-com-sucesso\/41897934_2433374540013995_4449732246328311808_n\/\" data-orig-file=\"https:\/\/i0.wp.com\/gnugraf.org\/2018\/wp-content\/uploads\/2018\/09\/41897934_2433374540013995_4449732246328311808_n.jpg?fit=720%2C960\" data-orig-size=\"720,960\" data-comments-opened=\"1\" data-image-meta=\"{&quot;aperture&quot;:&quot;0&quot;,&quot;credit&quot;:&quot;&quot;,&quot;camera&quot;:&quot;&quot;,&quot;caption&quot;:&quot;&quot;,&quot;created_timestamp&quot;:&quot;0&quot;,&quot;copyright&quot;:&quot;&quot;,&quot;focal_length&quot;:&quot;0&quot;,&quot;iso&quot;:&quot;0&quot;,&quot;shutter_speed&quot;:&quot;0&quot;,&quot;title&quot;:&quot;&quot;,&quot;orientation&quot;:&quot;0&quot;}\" data-image-title=\"41897934_2433374540013995_4449732246328311808_n\" data-image-description=\"\" data-image-caption=\"\" data-large-file=\"https:\/\/i0.wp.com\/gnugraf.org\/2018\/wp-content\/uploads\/2018\/09\/41897934_2433374540013995_4449732246328311808_n.jpg?fit=590%2C787\" class=\"aligncenter size-full wp-image-386\" src=\"https:\/\/i0.wp.com\/gnugraf.org\/2018\/wp-content\/uploads\/2018\/09\/41897934_2433374540013995_4449732246328311808_n.jpg?resize=590%2C787\" alt=\"\" width=\"590\" height=\"787\" srcset=\"https:\/\/i0.wp.com\/gnugraf.org\/2018\/wp-content\/uploads\/2018\/09\/41897934_2433374540013995_4449732246328311808_n.jpg?w=720 720w, https:\/\/i0.wp.com\/gnugraf.org\/2018\/wp-content\/uploads\/2018\/09\/41897934_2433374540013995_4449732246328311808_n.jpg?resize=225%2C300 225w, https:\/\/i0.wp.com\/gnugraf.org\/2018\/wp-content\/uploads\/2018\/09\/41897934_2433374540013995_4449732246328311808_n.jpg?resize=600%2C800 600w\" sizes=\"auto, (max-width: 590px) 100vw, 590px\" \/><\/p>\n<p>N\u00e3o poder\u00edamos deixar jamais de exaltar a incans\u00e1vel <strong>Cleozita, a super coordenadora do GNUGRAF<\/strong>! Cleo &#8220;voc\u00ea \u00e9 foda!&#8221;<\/p>\n<p><img data-recalc-dims=\"1\" loading=\"lazy\" decoding=\"async\" data-attachment-id=\"387\" data-permalink=\"http:\/\/gnugraf.org\/2018\/10-anos-comemorado-com-sucesso\/41942306_2433375450013904_6220733788603809792_n\/\" data-orig-file=\"https:\/\/i0.wp.com\/gnugraf.org\/2018\/wp-content\/uploads\/2018\/09\/41942306_2433375450013904_6220733788603809792_n.jpg?fit=960%2C720\" data-orig-size=\"960,720\" data-comments-opened=\"1\" data-image-meta=\"{&quot;aperture&quot;:&quot;0&quot;,&quot;credit&quot;:&quot;&quot;,&quot;camera&quot;:&quot;&quot;,&quot;caption&quot;:&quot;&quot;,&quot;created_timestamp&quot;:&quot;0&quot;,&quot;copyright&quot;:&quot;&quot;,&quot;focal_length&quot;:&quot;0&quot;,&quot;iso&quot;:&quot;0&quot;,&quot;shutter_speed&quot;:&quot;0&quot;,&quot;title&quot;:&quot;&quot;,&quot;orientation&quot;:&quot;0&quot;}\" data-image-title=\"41942306_2433375450013904_6220733788603809792_n\" data-image-description=\"\" data-image-caption=\"\" data-large-file=\"https:\/\/i0.wp.com\/gnugraf.org\/2018\/wp-content\/uploads\/2018\/09\/41942306_2433375450013904_6220733788603809792_n.jpg?fit=590%2C443\" class=\"aligncenter size-full wp-image-387\" src=\"https:\/\/i0.wp.com\/gnugraf.org\/2018\/wp-content\/uploads\/2018\/09\/41942306_2433375450013904_6220733788603809792_n.jpg?resize=590%2C443\" alt=\"\" width=\"590\" height=\"443\" srcset=\"https:\/\/i0.wp.com\/gnugraf.org\/2018\/wp-content\/uploads\/2018\/09\/41942306_2433375450013904_6220733788603809792_n.jpg?w=960 960w, https:\/\/i0.wp.com\/gnugraf.org\/2018\/wp-content\/uploads\/2018\/09\/41942306_2433375450013904_6220733788603809792_n.jpg?resize=300%2C225 300w, https:\/\/i0.wp.com\/gnugraf.org\/2018\/wp-content\/uploads\/2018\/09\/41942306_2433375450013904_6220733788603809792_n.jpg?resize=768%2C576 768w, https:\/\/i0.wp.com\/gnugraf.org\/2018\/wp-content\/uploads\/2018\/09\/41942306_2433375450013904_6220733788603809792_n.jpg?resize=600%2C450 600w\" sizes=\"auto, (max-width: 590px) 100vw, 590px\" \/><\/p>\n<p>Sem esquecer do <strong>Eduardo<\/strong> e da<strong> Lucia<\/strong> os filhos da <strong>Cleozita<\/strong> e do <strong>Cadunico<\/strong> cuja a dedica\u00e7\u00e3o ao evento pode ser descrita na imagem acima. Lindos voc\u00eas s\u00e3o demais!<\/p>\n<p>Bem acredito que \u00e9 isto! At\u00e9 o ano que vem!<\/p>\n<p><strong>GNU ontem, GNU hoje, GNU amanh\u00e3, GNU sempre! Viva o GNUGRAF!<\/strong><\/p>\n","protected":false},"excerpt":{"rendered":"<p>&nbsp; Mais uma vez gostar\u00edamos de agradecer a Prof. Ricardo Artur Engenheira Denise Filippo Prof. Fernando Reiszel pelo extremo carinho para com o evento, sem a a\u00e7\u00e3o incans\u00e1vel deles, nada disto teria sido realizado da maneira que foi com total excel\u00eancia! A ponto de conhecermos e adotar um apelido interno da ESDI com rela\u00e7\u00e3o ao [&hellip;]<\/p>\n","protected":false},"author":1,"featured_media":0,"comment_status":"open","ping_status":"open","sticky":false,"template":"","format":"standard","meta":{"inline_featured_image":false,"jetpack_post_was_ever_published":false,"_jetpack_newsletter_access":"","_jetpack_dont_email_post_to_subs":false,"_jetpack_newsletter_tier_id":0,"_jetpack_memberships_contains_paywalled_content":false,"_jetpack_memberships_contains_paid_content":false,"footnotes":"","jetpack_publicize_message":"","jetpack_publicize_feature_enabled":true,"jetpack_social_post_already_shared":true,"jetpack_social_options":{"image_generator_settings":{"template":"highway","default_image_id":0,"font":"","enabled":false},"version":2}},"categories":[16],"tags":[],"class_list":["post-360","post","type-post","status-publish","format-standard","hentry","category-noticias"],"jetpack_publicize_connections":[],"jetpack_featured_media_url":"","jetpack_sharing_enabled":true,"jetpack_shortlink":"https:\/\/wp.me\/p9s9KV-5O","jetpack_likes_enabled":true,"jetpack-related-posts":[],"_links":{"self":[{"href":"http:\/\/gnugraf.org\/2018\/wp-json\/wp\/v2\/posts\/360","targetHints":{"allow":["GET"]}}],"collection":[{"href":"http:\/\/gnugraf.org\/2018\/wp-json\/wp\/v2\/posts"}],"about":[{"href":"http:\/\/gnugraf.org\/2018\/wp-json\/wp\/v2\/types\/post"}],"author":[{"embeddable":true,"href":"http:\/\/gnugraf.org\/2018\/wp-json\/wp\/v2\/users\/1"}],"replies":[{"embeddable":true,"href":"http:\/\/gnugraf.org\/2018\/wp-json\/wp\/v2\/comments?post=360"}],"version-history":[{"count":11,"href":"http:\/\/gnugraf.org\/2018\/wp-json\/wp\/v2\/posts\/360\/revisions"}],"predecessor-version":[{"id":388,"href":"http:\/\/gnugraf.org\/2018\/wp-json\/wp\/v2\/posts\/360\/revisions\/388"}],"wp:attachment":[{"href":"http:\/\/gnugraf.org\/2018\/wp-json\/wp\/v2\/media?parent=360"}],"wp:term":[{"taxonomy":"category","embeddable":true,"href":"http:\/\/gnugraf.org\/2018\/wp-json\/wp\/v2\/categories?post=360"},{"taxonomy":"post_tag","embeddable":true,"href":"http:\/\/gnugraf.org\/2018\/wp-json\/wp\/v2\/tags?post=360"}],"curies":[{"name":"wp","href":"https:\/\/api.w.org\/{rel}","templated":true}]}}