{"id":236,"date":"2022-08-30T12:20:23","date_gmt":"2022-08-30T15:20:23","guid":{"rendered":"https:\/\/gnugraf.org\/2022\/?p=236"},"modified":"2022-08-30T12:20:26","modified_gmt":"2022-08-30T15:20:26","slug":"inscricoes-abertas","status":"publish","type":"post","link":"https:\/\/gnugraf.org\/2022\/2022\/08\/30\/inscricoes-abertas\/","title":{"rendered":"Inscri\u00e7\u00f5es abertas"},"content":{"rendered":"\n<figure class=\"wp-block-image size-large is-resized\"><img loading=\"lazy\" decoding=\"async\" src=\"https:\/\/gnugraf.org\/2022\/wp-content\/uploads\/2022\/08\/DSC_0608-1024x678.jpg\" alt=\"\" class=\"wp-image-211\" width=\"1024\" height=\"678\" srcset=\"https:\/\/gnugraf.org\/2022\/wp-content\/uploads\/2022\/08\/DSC_0608-1024x678.jpg 1024w, https:\/\/gnugraf.org\/2022\/wp-content\/uploads\/2022\/08\/DSC_0608-300x199.jpg 300w, https:\/\/gnugraf.org\/2022\/wp-content\/uploads\/2022\/08\/DSC_0608-768x509.jpg 768w, https:\/\/gnugraf.org\/2022\/wp-content\/uploads\/2022\/08\/DSC_0608.jpg 1464w\" sizes=\"auto, (max-width: 1024px) 100vw, 1024px\" \/><\/figure>\n\n\n\n<p>Est\u00e1 chegando mais uma edi\u00e7\u00e3o do seu evento de computa\u00e7\u00e3o gr\u00e1fica com Software Livre favorito! A novidade deste ano ser\u00e1 a nossa primeira edi\u00e7\u00e3o h\u00edbrida, sendo algumas palestras ao vivo e outras online, todas acontecendo no audit\u00f3rio do Instituto T\u00e9rcio Pacitti.<\/p>\n\n\n\n<p>O evento acontecer\u00e1 nos dias <strong>16 e 17 de Setembro de 2022<\/strong> no audit\u00f3rio do Instituto T\u00e9rcio Pacitti.<\/p>\n\n\n\n<p>Dentre todos os not\u00e1veis que ir\u00e3o falar este ano, temos destaque a dois keynotes.<\/p>\n\n\n\n<div class=\"wp-block-columns is-layout-flex wp-container-core-columns-is-layout-9d6595d7 wp-block-columns-is-layout-flex\">\n<div class=\"wp-block-column is-layout-flow wp-block-column-is-layout-flow\"><div class=\"wp-block-image\">\n<figure class=\"aligncenter size-large\"><img loading=\"lazy\" decoding=\"async\" width=\"1024\" height=\"1024\" src=\"https:\/\/gnugraf.org\/2022\/wp-content\/uploads\/2022\/08\/Claudio-Esperanca-1024x1024.png\" alt=\"\" class=\"wp-image-157\" srcset=\"https:\/\/gnugraf.org\/2022\/wp-content\/uploads\/2022\/08\/Claudio-Esperanca-1024x1024.png 1024w, https:\/\/gnugraf.org\/2022\/wp-content\/uploads\/2022\/08\/Claudio-Esperanca-300x300.png 300w, https:\/\/gnugraf.org\/2022\/wp-content\/uploads\/2022\/08\/Claudio-Esperanca-150x150.png 150w, https:\/\/gnugraf.org\/2022\/wp-content\/uploads\/2022\/08\/Claudio-Esperanca-768x768.png 768w, https:\/\/gnugraf.org\/2022\/wp-content\/uploads\/2022\/08\/Claudio-Esperanca-80x80.png 80w, https:\/\/gnugraf.org\/2022\/wp-content\/uploads\/2022\/08\/Claudio-Esperanca-320x320.png 320w, https:\/\/gnugraf.org\/2022\/wp-content\/uploads\/2022\/08\/Claudio-Esperanca.png 1080w\" sizes=\"auto, (max-width: 1024px) 100vw, 1024px\" \/><\/figure>\n<\/div><\/div>\n\n\n\n<div class=\"wp-block-column is-layout-flow wp-block-column-is-layout-flow\">\n<h2 class=\"wp-block-heading\">Claudio Esperan\u00e7a<\/h2>\n\n\n\n<p>Engenheiro eletr\u00f4nico com mestrado e doutorado em computa\u00e7\u00e3o. \u00c9 professor do Programa de Engenharia de Sistemas e Computa\u00e7\u00e3o da UFRJ desde 1998 e, a partir de 2021, tamb\u00e9m professor do PPGD. Atua como pesquisador no LCG (Lab de Computa\u00e7\u00e3o Gr\u00e1fica da COPPE) e no LabVIS da EBA. Como n\u00e3o sabe desenhar a m\u00e3o livre, desenvolveu uma grande afinidade com a computa\u00e7\u00e3o gr\u00e1fica, tentando estabelecer pontes com a pr\u00e1tica do design.<\/p>\n\n\n\n<h2 class=\"wp-block-heading\">Visualiza\u00e7\u00e3o e Computa\u00e7\u00e3o Gr\u00e1fica usando Observable<\/h2>\n\n\n\n<p>A plataforma online Observable (observablehq.com) proporciona um ambiente de desenvolvimento de aplica\u00e7\u00f5es web na forma de cadernos de nota interativos. Este formato torna o ambiente interessante n\u00e3o s\u00f3 como ferramenta de produ\u00e7\u00e3o mas como meio de difus\u00e3o de conte\u00fado pedag\u00f3gico. Diferente de ambientes similares, os cadernos de nota no Observable s\u00e3o executados inteiramente no navegador do cliente utilizando um modelo reativo de avalia\u00e7\u00e3o. Nesta palestra faremos uma apresenta\u00e7\u00e3o resumida das principais caracter\u00edsticas desse ambiente, ilustrando os conceitos com cadernos de notas desenvolvidos pelo palestrante nas \u00e1reas de visualiza\u00e7\u00e3o e computa\u00e7\u00e3o gr\u00e1fica.<\/p>\n<\/div>\n<\/div>\n\n\n\n<div class=\"wp-block-columns is-layout-flex wp-container-core-columns-is-layout-9d6595d7 wp-block-columns-is-layout-flex\">\n<div class=\"wp-block-column is-layout-flow wp-block-column-is-layout-flow\">\n<h2 class=\"wp-block-heading\">Alessandro de Oliveira Faria<\/h2>\n\n\n\n<p>S\u00f3cio cofundador da empresa OITI TECHNOLOGIES, Pesquisador cujo primeiro contato com tecnologia foi em 1983 com 11 anos de idade. Leva o Linux a s\u00e9rio desde 1998 junto com pesquisas e trabalhos com biometria e vis\u00e3o computacional. Experi\u00eancia com biometria facial desde 2003, redes neurais artificiais e neurotecnologia desde 2009. Inventor da tecnologia CERTIFACE, mais de 160 palestras ministradas, 14 artigos impressos publicados, mais de 8 milh\u00f5es de acessos nos 120 artigos publicados, Docente da FIA e PUC, Embaixador OpenSUSE Linux Am\u00e9rica Latina, Chapter Leader OWASP SP, Membro do Conselho Internacional Intel, Mundial Innovator Intel, Membro Not\u00e1vel I2AI, Guild Master Campus Party, Fundador da iniciativa Global openSUSE Linux INNOVATOR e Certificado Metaverso e Web3<\/p>\n\n\n\n<h2 class=\"wp-block-heading\">A rela\u00e7\u00e3o do Metaverso com IA e Vis\u00e3o Computacional.<\/h2>\n\n\n\n<p>Veremos nesta apresenta\u00e7\u00e3o a rela\u00e7\u00e3o existentes entre as tecnologias do Metaverso com Intelig\u00eancia Artificial voltado para divis\u00e3o de Vis\u00e3o Computacional. Tamb\u00e9m entenderemos os componentes principais que envolvem o assunto Metaverso. Entenderemos todos os conceitos que envolvidos e qual a tend\u00eancia mercadol\u00f3gica em diversos aspectos, resumidamente o objetivo \u00e9 desmistificar o assunto e os respectivos termos utilizados.<\/p>\n<\/div>\n\n\n\n<div class=\"wp-block-column is-layout-flow wp-block-column-is-layout-flow\"><div class=\"wp-block-image\">\n<figure class=\"aligncenter size-large\"><img loading=\"lazy\" decoding=\"async\" width=\"1024\" height=\"1024\" src=\"https:\/\/gnugraf.org\/2022\/wp-content\/uploads\/2022\/08\/Alessandro-de-Oliveira-Faria-Cabelo-1024x1024.png\" alt=\"\" class=\"wp-image-223\" srcset=\"https:\/\/gnugraf.org\/2022\/wp-content\/uploads\/2022\/08\/Alessandro-de-Oliveira-Faria-Cabelo-1024x1024.png 1024w, https:\/\/gnugraf.org\/2022\/wp-content\/uploads\/2022\/08\/Alessandro-de-Oliveira-Faria-Cabelo-300x300.png 300w, https:\/\/gnugraf.org\/2022\/wp-content\/uploads\/2022\/08\/Alessandro-de-Oliveira-Faria-Cabelo-150x150.png 150w, https:\/\/gnugraf.org\/2022\/wp-content\/uploads\/2022\/08\/Alessandro-de-Oliveira-Faria-Cabelo-768x768.png 768w, https:\/\/gnugraf.org\/2022\/wp-content\/uploads\/2022\/08\/Alessandro-de-Oliveira-Faria-Cabelo-80x80.png 80w, https:\/\/gnugraf.org\/2022\/wp-content\/uploads\/2022\/08\/Alessandro-de-Oliveira-Faria-Cabelo-320x320.png 320w, https:\/\/gnugraf.org\/2022\/wp-content\/uploads\/2022\/08\/Alessandro-de-Oliveira-Faria-Cabelo.png 1080w\" sizes=\"auto, (max-width: 1024px) 100vw, 1024px\" \/><\/figure>\n<\/div><\/div>\n<\/div>\n\n\n\n<p>Maiores detalhes sobre as palestras e a grade, acessem os bot\u00f5es abaixo.<\/p>\n\n\n\n<div class=\"wp-block-columns is-layout-flex wp-container-core-columns-is-layout-9d6595d7 wp-block-columns-is-layout-flex\">\n<div class=\"wp-block-column is-layout-flow wp-block-column-is-layout-flow\">\n<div class=\"wp-block-buttons is-content-justification-center is-layout-flex wp-container-core-buttons-is-layout-16018d1d wp-block-buttons-is-layout-flex\">\n<div class=\"wp-block-button\"><a class=\"wp-block-button__link\" href=\"https:\/\/gnugraf.org\/2022\/category\/palestras\/\" target=\"_blank\" rel=\"noreferrer noopener\">Palestras<\/a><\/div>\n<\/div>\n<\/div>\n\n\n\n<div class=\"wp-block-column is-layout-flow wp-block-column-is-layout-flow\">\n<div class=\"wp-block-buttons is-content-justification-center is-layout-flex wp-container-core-buttons-is-layout-16018d1d wp-block-buttons-is-layout-flex\">\n<div class=\"wp-block-button\"><a class=\"wp-block-button__link\" href=\"https:\/\/gnugraf.org\/2022\/grade\/\" target=\"_blank\" rel=\"noreferrer noopener\">Grade<\/a><\/div>\n<\/div>\n<\/div>\n<\/div>\n\n\n\n<h2 class=\"wp-block-heading\">Local:<\/h2>\n\n\n\n<p><strong>Instituto T\u00e9rcio Pacitti de Aplica\u00e7\u00f5es e Pesquisas Computacionais<\/strong> <strong>\u2013 UFRJ<\/strong><\/p>\n\n\n\n<p>Avenida Athos da Silveira Ramos, 274 Blocos C e E \u2013 Cidade Universit\u00e1ria da Universidade Federal do Rio de Janeiro, Rio de Janeiro \u2013 RJ<\/p>\n\n\n\n<iframe loading=\"lazy\" scrolling=\"no\" marginheight=\"0\" marginwidth=\"0\" src=\"https:\/\/www.openstreetmap.org\/export\/embed.html?bbox=-43.234505653381355%2C-22.858472507437618%2C-43.2309651374817%2C-22.856211004247882&amp;layer=mapnik\" style=\"border: 1px solid black\" width=\"425\" height=\"350\" frameborder=\"0\"><\/iframe><br><small><a href=\"https:\/\/www.openstreetmap.org\/#map=19\/-22.85734\/-43.23274\">Ver mapa ampliado<\/a><\/small>\n\n\n\n<h2 class=\"wp-block-heading\">Inscri\u00e7\u00f5es e Certificado<\/h2>\n\n\n\n<p>A inscri\u00e7\u00e3o no evento n\u00e3o \u00e9 obrigat\u00f3ria, caso queira participar, basta comparecer nos dias. Mas se precisar de um certificado de participa\u00e7\u00e3o, basta clicar no bot\u00e3o abaixo para preencher o formul\u00e1rio.<\/p>\n\n\n\n<div class=\"wp-block-buttons is-content-justification-center is-layout-flex wp-container-core-buttons-is-layout-16018d1d wp-block-buttons-is-layout-flex\">\n<div class=\"wp-block-button\"><a class=\"wp-block-button__link\" href=\"https:\/\/gnugraf.org\/2022\/inscricoes\/\" target=\"_blank\" rel=\"noreferrer noopener\">Inscri\u00e7\u00e3o<\/a><\/div>\n<\/div>\n\n\n\n<p>O certificado ser\u00e1 emitido ap\u00f3s o evento e com a confirma\u00e7\u00e3o de sua presen\u00e7a.<\/p>\n","protected":false},"excerpt":{"rendered":"<p>Est\u00e1 chegando mais uma edi\u00e7\u00e3o do seu evento de computa\u00e7\u00e3o gr\u00e1fica com Software Livre favorito! A novidade deste ano ser\u00e1 a nossa primeira edi\u00e7\u00e3o h\u00edbrida, sendo algumas palestras ao vivo e outras online, todas&#46;&#46;&#46;<\/p>\n","protected":false},"author":1,"featured_media":201,"comment_status":"open","ping_status":"open","sticky":false,"template":"","format":"standard","meta":{"inline_featured_image":false,"_jetpack_memberships_contains_paid_content":false,"footnotes":""},"categories":[5],"tags":[8,7,11,6,49,10,9],"class_list":["post-236","post","type-post","status-publish","format-standard","has-post-thumbnail","hentry","category-noticias","tag-computacao-grafica","tag-edicao-2022","tag-evento","tag-gnugraf","tag-inscricoes","tag-ope-source","tag-software-livre"],"jetpack_featured_media_url":"https:\/\/gnugraf.org\/2022\/wp-content\/uploads\/2022\/08\/inscricao.png","jetpack_sharing_enabled":true,"_links":{"self":[{"href":"https:\/\/gnugraf.org\/2022\/wp-json\/wp\/v2\/posts\/236","targetHints":{"allow":["GET"]}}],"collection":[{"href":"https:\/\/gnugraf.org\/2022\/wp-json\/wp\/v2\/posts"}],"about":[{"href":"https:\/\/gnugraf.org\/2022\/wp-json\/wp\/v2\/types\/post"}],"author":[{"embeddable":true,"href":"https:\/\/gnugraf.org\/2022\/wp-json\/wp\/v2\/users\/1"}],"replies":[{"embeddable":true,"href":"https:\/\/gnugraf.org\/2022\/wp-json\/wp\/v2\/comments?post=236"}],"version-history":[{"count":1,"href":"https:\/\/gnugraf.org\/2022\/wp-json\/wp\/v2\/posts\/236\/revisions"}],"predecessor-version":[{"id":237,"href":"https:\/\/gnugraf.org\/2022\/wp-json\/wp\/v2\/posts\/236\/revisions\/237"}],"wp:featuredmedia":[{"embeddable":true,"href":"https:\/\/gnugraf.org\/2022\/wp-json\/wp\/v2\/media\/201"}],"wp:attachment":[{"href":"https:\/\/gnugraf.org\/2022\/wp-json\/wp\/v2\/media?parent=236"}],"wp:term":[{"taxonomy":"category","embeddable":true,"href":"https:\/\/gnugraf.org\/2022\/wp-json\/wp\/v2\/categories?post=236"},{"taxonomy":"post_tag","embeddable":true,"href":"https:\/\/gnugraf.org\/2022\/wp-json\/wp\/v2\/tags?post=236"}],"curies":[{"name":"wp","href":"https:\/\/api.w.org\/{rel}","templated":true}]}}